{"id":4468,"date":"2020-09-03T11:57:42","date_gmt":"2020-09-03T14:57:42","guid":{"rendered":"https:\/\/villacafe.com.br\/blog\/?p=4468"},"modified":"2020-09-11T14:57:55","modified_gmt":"2020-09-11T17:57:55","slug":"live-as-oportunidades-e-desafios-no-negocio-de-cafes-especiais","status":"publish","type":"post","link":"https:\/\/villacafe.com.br\/blog\/live-as-oportunidades-e-desafios-no-negocio-de-cafes-especiais\/","title":{"rendered":"Live: As oportunidades e desafios no neg\u00f3cio de caf\u00e9s especiais"},"content":{"rendered":"<p>Se voc\u00ea sonha em abrir a sua pr\u00f3pria cafeteria ou aumentar os resultados do seu neg\u00f3cio de caf\u00e9s, o primeiro passo \u00e9 saber que voc\u00ea precisa de um planejamento ideal, entender as oportunidades e desafios. Um neg\u00f3cio de sucesso, al\u00e9m de oferecer um caf\u00e9 de qualidade, deve estar em constante movimento.<\/p>\n<p>Qual \u00e9 o diferencial que a sua empresa oferece? O que faz o cliente querer voltar, ou melhor, convidar algu\u00e9m para estar indo junto ao seu neg\u00f3cio?<\/p>\n<p>Existem algumas maneiras de tornar o seu neg\u00f3cio diferente dos demais, e por isso,\u00a0Kelly Melo, convidou Rafael Duarte, o fundador do @villacafebrasil com <strong>13 anos de experi\u00eancia no segmento de cafeteria no Brasil e em outros Pa\u00edses<\/strong> para falar a sua vis\u00e3o sobre o Mercado de Caf\u00e9s Especiais e Oportunidades!<\/p>\n<p>Confira abaixo v\u00e1rias\u00a0dicas, estrat\u00e9gias e planos especiais antes de iniciar seu neg\u00f3cio.<\/p>\n<div style=\"width: 432px;\" class=\"wp-video\"><video class=\"wp-video-shortcode\" id=\"video-4468-1\" width=\"432\" height=\"768\" loop preload=\"auto\" controls=\"controls\"><source type=\"video\/mp4\" src=\"https:\/\/villacafe.com.br\/blog\/wp-content\/uploads\/2020\/09\/Live-Kelly-e-Rafael.mp4?_=1\" \/><a href=\"https:\/\/villacafe.com.br\/blog\/wp-content\/uploads\/2020\/09\/Live-Kelly-e-Rafael.mp4\">https:\/\/villacafe.com.br\/blog\/wp-content\/uploads\/2020\/09\/Live-Kelly-e-Rafael.mp4<\/a><\/video><\/div>\n<p><a href=\"https:\/\/www.instagram.com\/tv\/CEpfuwNFpTg\/?igshid=14r0pmomaf27p\">www.instagram.com\/tv\/CEpfuwNFpTg\/?igshid=14r0pmomaf27p<\/a><\/p>\n<p>Quer aprofundar seus conhecimentos e aprender novas t\u00e9cnicas para incrementar em seu neg\u00f3cio? Fa\u00e7a o nosso <a href=\"https:\/\/loja.villacafe.com.br\/produtos\/curso-online-as-tendencias-e-oportunidades-do-mercado-de-cafes-especiais-nocoes-de-gestao-de-cafeterias-faca-quando-quiser\/\">curso de Mercado de Caf\u00e9s e Marketing para Cafeteria<\/a> e conhe\u00e7a as oportunidades e desafios. Voc\u00ea vai ter 14 anos de experi\u00eancia em um curso, vai economizar tempo, dinheiro e <strong>ganhar\u00e1 o Curso B\u00e1sico de Barista.<\/strong><\/p>\n","protected":false},"excerpt":{"rendered":"<p>Se voc\u00ea sonha em abrir a sua pr\u00f3pria cafeteria ou aumentar os resultados do seu neg\u00f3cio de caf\u00e9s, o primeiro [&hellip;]<\/p>\n","protected":false},"author":9,"featured_media":4472,"comment_status":"open","ping_status":"closed","sticky":false,"template":"","format":"standard","meta":{"_acf_changed":false,"footnotes":""},"categories":[2,21,216],"tags":[286,385,383,285,384],"class_list":["post-4468","post","type-post","status-publish","format-standard","has-post-thumbnail","hentry","category-conteudo","category-industria","category-mercado","tag-cafes","tag-kelly","tag-live","tag-mercado","tag-rafael-duarte"],"acf":[],"_links":{"self":[{"href":"https:\/\/villacafe.com.br\/blog\/wp-json\/wp\/v2\/posts\/4468","targetHints":{"allow":["GET"]}}],"collection":[{"href":"https:\/\/villacafe.com.br\/blog\/wp-json\/wp\/v2\/posts"}],"about":[{"href":"https:\/\/villacafe.com.br\/blog\/wp-json\/wp\/v2\/types\/post"}],"author":[{"embeddable":true,"href":"https:\/\/villacafe.com.br\/blog\/wp-json\/wp\/v2\/users\/9"}],"replies":[{"embeddable":true,"href":"https:\/\/villacafe.com.br\/blog\/wp-json\/wp\/v2\/comments?post=4468"}],"version-history":[{"count":6,"href":"https:\/\/villacafe.com.br\/blog\/wp-json\/wp\/v2\/posts\/4468\/revisions"}],"predecessor-version":[{"id":4478,"href":"https:\/\/villacafe.com.br\/blog\/wp-json\/wp\/v2\/posts\/4468\/revisions\/4478"}],"wp:featuredmedia":[{"embeddable":true,"href":"https:\/\/villacafe.com.br\/blog\/wp-json\/wp\/v2\/media\/4472"}],"wp:attachment":[{"href":"https:\/\/villacafe.com.br\/blog\/wp-json\/wp\/v2\/media?parent=4468"}],"wp:term":[{"taxonomy":"category","embeddable":true,"href":"https:\/\/villacafe.com.br\/blog\/wp-json\/wp\/v2\/categories?post=4468"},{"taxonomy":"post_tag","embeddable":true,"href":"https:\/\/villacafe.com.br\/blog\/wp-json\/wp\/v2\/tags?post=4468"}],"curies":[{"name":"wp","href":"https:\/\/api.w.org\/{rel}","templated":true}]}}