{"id":4421,"date":"2020-07-14T14:00:06","date_gmt":"2020-07-14T17:00:06","guid":{"rendered":"https:\/\/villacafe.com.br\/blog\/?p=4421"},"modified":"2020-10-09T13:16:00","modified_gmt":"2020-10-09T16:16:00","slug":"conheca-os-melhores-cafes-do-brasil-na-safra-2019-2020-que-o-villa-cafe-traz-para-voce","status":"publish","type":"post","link":"https:\/\/villacafe.com.br\/blog\/conheca-os-melhores-cafes-do-brasil-na-safra-2019-2020-que-o-villa-cafe-traz-para-voce\/","title":{"rendered":"Conhe\u00e7a os melhores caf\u00e9s do Brasil na safra 2019\/2020 que o Villa Caf\u00e9 traz para voc\u00ea"},"content":{"rendered":"<p>Qualidade \u00e9 obsess\u00e3o! Por esta raz\u00e3o, o Villa Caf\u00e9 participou do leil\u00e3o dos Caf\u00e9s vencedores do 16\u00ba Concurso Nacional\u00a0<span class=\"il\">ABIC <\/span>\u00a0de Qualidade do Caf\u00e9 da safra 2019\/2020. E agora \u00e9 hora de voc\u00ea conhecer os novos microlotes premiados, ou seja, os melhores caf\u00e9s do Brasil.<\/p>\n<p>Voc\u00ea j\u00e1 imaginou provar o melhor caf\u00e9 que seu estado produziu na safra 2019\/2020? \u00c9 claro que o Villa Caf\u00e9 faz parte disso. Leia a seguir e conhe\u00e7a essas preciosidades! Mas n\u00e3o demore, porque o lote n\u00e3o vai durar muito .<\/p>\n<p><a href=\"https:\/\/villacafe.com.br\/blog\/wp-content\/uploads\/2020\/07\/Canudo-e-Xicara.jpg\"><img fetchpriority=\"high\" decoding=\"async\" class=\"aligncenter wp-image-4464\" src=\"https:\/\/villacafe.com.br\/blog\/wp-content\/uploads\/2020\/07\/Canudo-e-Xicara-1024x1024.jpg\" alt=\"\" width=\"865\" height=\"865\" srcset=\"https:\/\/villacafe.com.br\/blog\/wp-content\/uploads\/2020\/07\/Canudo-e-Xicara-1024x1024.jpg 1024w, https:\/\/villacafe.com.br\/blog\/wp-content\/uploads\/2020\/07\/Canudo-e-Xicara-150x150.jpg 150w, https:\/\/villacafe.com.br\/blog\/wp-content\/uploads\/2020\/07\/Canudo-e-Xicara-300x300.jpg 300w, https:\/\/villacafe.com.br\/blog\/wp-content\/uploads\/2020\/07\/Canudo-e-Xicara-768x768.jpg 768w, https:\/\/villacafe.com.br\/blog\/wp-content\/uploads\/2020\/07\/Canudo-e-Xicara-140x140.jpg 140w, https:\/\/villacafe.com.br\/blog\/wp-content\/uploads\/2020\/07\/Canudo-e-Xicara-40x40.jpg 40w, https:\/\/villacafe.com.br\/blog\/wp-content\/uploads\/2020\/07\/Canudo-e-Xicara-600x600.jpg 600w, https:\/\/villacafe.com.br\/blog\/wp-content\/uploads\/2020\/07\/Canudo-e-Xicara.jpg 1080w\" sizes=\"(max-width: 865px) 100vw, 865px\" \/><\/a><\/p>\n<h2>1\u00ba Lugar de Minas Gerais e 5\u00ba do Brasil:<\/h2>\n<h1>O Melhor Caf\u00e9 de Minas<\/h1>\n<p>Espera Feliz n\u00e3o se cansa de ganhar como o munic\u00edpio onde se produz o\u00a0<strong>melhor caf\u00e9 de Minas<\/strong>! Fizemos um post sobre a\u00a0<a href=\"https:\/\/villacafe.com.br\/blog\/o-melhor-cafe-de-minas-gerais\/\">Fazenda Forquilha do Rio e este caf\u00e9 aqui neste link<\/a>.<\/p>\n<p><strong>Caracter\u00edsticas do Caf\u00e9:<\/strong><\/p>\n<ul>\n<li>Torra claro para m\u00e9dia, para acentuar as nuances.<\/li>\n<li>Aroma adocicado e de caramelo, notas frutadas pr\u00f3ximas \u00e0 ma\u00e7a verde.<\/li>\n<li>Baixa acidez e corpo m\u00e9dio.<\/li>\n<\/ul>\n<p>Voc\u00ea pode conhecer mais do melhor caf\u00e9 de Minas Gerais em nossa loja online. \u00c9 s\u00f3\u00a0<a href=\"https:\/\/loja.villacafe.com.br\/produtos\/reserva-villa-cafe-o-melhor-cafe-de-minas-gerais-micro-lote-250g\/\">clicar aqui<\/a>.<\/p>\n<h2>1\u00ba Lugar de S\u00e3o Paulo e 3\u00ba do Brasil:<\/h2>\n<h1><strong>O Melhor Caf\u00e9 de S\u00e3o Paulo<\/strong><\/h1>\n<p>Para n\u00f3s do Villa Caf\u00e9, \u00e9 uma honra poder torrar e comercializar o<strong> melhor caf\u00e9 produzido em todo o Estado de S\u00e3o Paulo na safra 2019\/2020<\/strong>!<\/p>\n<p>Cultivado na fazenda do Sitio S\u00e3o Jos\u00e9 em Divinol\u00e2ndia-SP de Mariana Martins de Souza, este microlote ficou\u00a0em 3\u00ba lugar no Concurso Nacional de Qualidade de Caf\u00e9s do Brasil &#8211; ABIC (Associa\u00e7\u00e3o Brasileira da Ind\u00fastria do Caf\u00e9).<\/p>\n<p><strong>Caracter\u00edsticas do Caf\u00e9:<\/strong><\/p>\n<ul>\n<li>Torra clara para m\u00e9dia<\/li>\n<li>Notas florais e delicadas, com corpo suave e uma finaliza\u00e7\u00e3o extremamente doce, para que voc\u00ea possa sentir ainda melhor os sabores complexos do gr\u00e3o.<\/li>\n<li>Acidez m\u00e9dia e corpo suave<\/li>\n<\/ul>\n<p>Voc\u00ea quer experimentar o melhor caf\u00e9 que S\u00e3o Paulo produziu na \u00faltima safra? Acesse nossa loja online, \u00e9 s\u00f3\u00a0<a href=\"https:\/\/loja.villacafe.com.br\/produtos\/reserva-villa-cafe-o-melhor-cafe-de-sao-paulo-e-3-melhor-cafe-do-brasil-250g\/\">clicar aqui<\/a>.<\/p>\n<h2><strong>O Vice-Campe\u00e3o de S\u00e3o Paulo<\/strong><\/h2>\n<h1><strong>O 2\u00ba Melhor Caf\u00e9 de S\u00e3o Paulo<\/strong><\/h1>\n<p>Se j\u00e1 n\u00e3o bastasse o melhor de SP, n\u00f3s tamb\u00e9m fomos em busca do\u00a0Vice-Campe\u00e3o de S\u00e3o Paulo. Direto da fazenda Santana, de Arnaldo Franco Moraes, em\u00a0Santo Antonio do Jardim-SP.<\/p>\n<p>Tudo isso para lhe proporcionar a melhor experi\u00eancia com um caf\u00e9 com garantia de notas expepcionais. Quer uma dica? Leve um de cada, pegue 20g de cada um e deguste todos no mesmo dia!\u00a0 Basta\u00a0<a href=\"https:\/\/loja.villacafe.com.br\/produtos\/reserva-villa-cafe-vice-campeao-de-sao-paulo-250g\/\">clicar aqui<\/a>.<\/p>\n<p><strong>Caracter\u00edsticas do Caf\u00e9:<\/strong><\/p>\n<ul>\n<li>Torra m\u00e9dia<\/li>\n<li>Frutas amarelas, como bergameta, ervas e assim sua acidez c\u00edtrica \u00e9 inconfund\u00edvel.<\/li>\n<li>Corpo e acidez m\u00e9dios.<\/li>\n<\/ul>\n<h2>Sobre o Reserva Villa Caf\u00e9<\/h2>\n<p>Aqui no Villa Caf\u00e9, os nossos melhores baristas s\u00e3o convidados a percorrer o pa\u00eds como ca\u00e7adores dos melhores caf\u00e9s. O trabalho \u00e9 \u00e1rduo por\u00e9m recompensador: percorrer o Brasil atr\u00e1s de caf\u00e9s diferenciados e de alta qualidade, cultivados em fazendas familiares e cheias de amor, assim como as do Villa Caf\u00e9.\u00a0 T\u00e3o logo eles encontrem O caf\u00e9, compramos por um pre\u00e7o justo, fazemos o perfil de torra e entregamos para voc\u00ea, apaixonado por caf\u00e9.<\/p>\n<p>A ABIC &#8211; Associa\u00e7\u00e3o Brasileira da Ind\u00fastria do Caf\u00e9 &#8211; \u00e9 respons\u00e1vel pela organiza\u00e7\u00e3o do principal concurso de qualidade de caf\u00e9s do Brasil. As amostras s\u00e3o degustadas e classificar por ju\u00edzes independentes, credenciados pela SCAA.<\/p>\n<h3>Veja o Resultado do Concurso Nacional de Qualidade de Caf\u00e9s<\/h3>\n<p>Fazemos quest\u00e3o de mostrar o resultado em respeito ao cliente e para que voc\u00ea n\u00e3o caia em \u201cpegadinhas\u201d da Internet. (Clique na imagem para ampliar)<\/p>\n<p><a href=\"https:\/\/villacafe.com.br\/blog\/wp-content\/uploads\/2020\/07\/RESULTADO-FINAL-3.png\"><img decoding=\"async\" class=\"aligncenter wp-image-4441 \" src=\"https:\/\/villacafe.com.br\/blog\/wp-content\/uploads\/2020\/07\/RESULTADO-FINAL-3-150x150.png\" alt=\"\" width=\"241\" height=\"241\" srcset=\"https:\/\/villacafe.com.br\/blog\/wp-content\/uploads\/2020\/07\/RESULTADO-FINAL-3-150x150.png 150w, https:\/\/villacafe.com.br\/blog\/wp-content\/uploads\/2020\/07\/RESULTADO-FINAL-3-140x140.png 140w\" sizes=\"(max-width: 241px) 100vw, 241px\" \/><\/a><\/p>\n<p>Estes <strong>s\u00e3o de fato os Melhores Caf\u00e9s do Brasil<\/strong> com maior pontua\u00e7\u00e3o na escala SCAA da safra 2019\/2020<\/p>\n<p>Gostou da nova edi\u00e7\u00e3o dos Reservas? Est\u00e1 esperando o que para ter estes microlotes premiados em sua casa? Acesse nossa categoria de reservas em nossa\u00a0<a href=\"https:\/\/loja.villacafe.com.br\/search\/?q=reserva\">loja online<\/a> e adquira agora!<\/p>\n","protected":false},"excerpt":{"rendered":"<p>Qualidade \u00e9 obsess\u00e3o! Por esta raz\u00e3o, o Villa Caf\u00e9 participou do leil\u00e3o dos Caf\u00e9s vencedores do 16\u00ba Concurso Nacional\u00a0ABIC \u00a0de [&hellip;]<\/p>\n","protected":false},"author":7,"featured_media":4422,"comment_status":"open","ping_status":"closed","sticky":false,"template":"","format":"standard","meta":{"_acf_changed":false,"footnotes":""},"categories":[2,21,216],"tags":[126,381,253,95,96,382,97],"class_list":["post-4421","post","type-post","status-publish","format-standard","has-post-thumbnail","hentry","category-conteudo","category-industria","category-mercado","tag-barista","tag-cafe-do-brasil","tag-cafeterias","tag-melhor-cafe","tag-melhor-cafe-de-minas","tag-melhor-cafe-de-sao-paulo","tag-melhor-cafe-do-brasil"],"acf":[],"_links":{"self":[{"href":"https:\/\/villacafe.com.br\/blog\/wp-json\/wp\/v2\/posts\/4421","targetHints":{"allow":["GET"]}}],"collection":[{"href":"https:\/\/villacafe.com.br\/blog\/wp-json\/wp\/v2\/posts"}],"about":[{"href":"https:\/\/villacafe.com.br\/blog\/wp-json\/wp\/v2\/types\/post"}],"author":[{"embeddable":true,"href":"https:\/\/villacafe.com.br\/blog\/wp-json\/wp\/v2\/users\/7"}],"replies":[{"embeddable":true,"href":"https:\/\/villacafe.com.br\/blog\/wp-json\/wp\/v2\/comments?post=4421"}],"version-history":[{"count":35,"href":"https:\/\/villacafe.com.br\/blog\/wp-json\/wp\/v2\/posts\/4421\/revisions"}],"predecessor-version":[{"id":4466,"href":"https:\/\/villacafe.com.br\/blog\/wp-json\/wp\/v2\/posts\/4421\/revisions\/4466"}],"wp:featuredmedia":[{"embeddable":true,"href":"https:\/\/villacafe.com.br\/blog\/wp-json\/wp\/v2\/media\/4422"}],"wp:attachment":[{"href":"https:\/\/villacafe.com.br\/blog\/wp-json\/wp\/v2\/media?parent=4421"}],"wp:term":[{"taxonomy":"category","embeddable":true,"href":"https:\/\/villacafe.com.br\/blog\/wp-json\/wp\/v2\/categories?post=4421"},{"taxonomy":"post_tag","embeddable":true,"href":"https:\/\/villacafe.com.br\/blog\/wp-json\/wp\/v2\/tags?post=4421"}],"curies":[{"name":"wp","href":"https:\/\/api.w.org\/{rel}","templated":true}]}}