{"id":4324,"date":"2020-04-21T14:00:47","date_gmt":"2020-04-21T17:00:47","guid":{"rendered":"https:\/\/villacafe.com.br\/blog\/?p=4324"},"modified":"2020-04-22T18:02:23","modified_gmt":"2020-04-22T21:02:23","slug":"carta-aos-nossos-parceiros-e-parceiras","status":"publish","type":"post","link":"https:\/\/villacafe.com.br\/blog\/carta-aos-nossos-parceiros-e-parceiras\/","title":{"rendered":"Carta aos Nossos Parceiros e Parceiras"},"content":{"rendered":"<p>Prezados parceiros, colaboradores e clientes do Villa Caf\u00e9,<\/p>\n<p>Sabemos que este momento n\u00e3o est\u00e1 sendo f\u00e1cil! E pedimos todo dia que essa pandemia passe logo!<\/p>\n<p>Queremos nos colocar \u00e0 sua disposi\u00e7\u00e3o para conversar sobre seu neg\u00f3cio, ou sua situa\u00e7\u00e3o, em que podemos fazer para ajudar, seja com ideias, sugest\u00f5es e alguma assessoria.<\/p>\n<p>Somos uma pequena empresa e tamb\u00e9m estamos sofrendo muito as consequ\u00eancias da pandemia. Por isso, quase todos os colaboradores est\u00e3o de f\u00e9rias, alguns de home office e o m\u00ednimo do efetivo trabalhando presencialmente para separar e despachar os pedidos.<\/p>\n<p><strong>Vamos vencer juntos!<\/strong><\/p>\n<p>Temos produtos para sua resid\u00eancia, kits promocionais, mais de 200 produtos que voc\u00ea ir\u00e1 amar! Se puder, pedimos encarecidamente que d\u00ea prefer\u00eancia ao Villa Caf\u00e9. Se voc\u00ea clicar no bal\u00e3ozinho, podemos tirar suas d\u00favidas!<\/p>\n<p>Para empresas, temos condi\u00e7\u00f5es especiais de pre\u00e7o e prazo em v\u00e1rios produtos, para j\u00e1 deixar encaminhado agora e\u00a0 faturar somente quando o isolamento terminar. Tanto no chat online quanto no whatsapp e no telefone, podemos tirar suas d\u00favidas.<\/p>\n<p>Talvez seja a hora de parar para repensar seu neg\u00f3cio em v\u00e1rios aspectos, como por exemplo: repensar o card\u00e1pio, colocar novos drinks, bebidas geladas e quentes para o inverno, comunica\u00e7\u00e3o no estabelecimento, kits de presentes, promo\u00e7\u00f5es e descontos que o Villa Caf\u00e9 pode te fornecer.<\/p>\n<p>Queremos ser \u00fateis a voc\u00ea nesse tempo de pausa nas vendas. Alguns clientes pediram para fazermos reuni\u00f5es online, &#8220;live no Instagram&#8221; para discutir esse momento, ideias, etc. Se voc\u00ea tiver esse interesse tamb\u00e9m, nos informe por favor! Estamos \u00e0 disposi\u00e7\u00e3o!<\/p>\n<p>Recentemente, fizemos algumas grava\u00e7\u00f5es para nossos Cursos de Barista, Gest\u00e3o de Cafeterias e de Tend\u00eancias do Mercado de Caf\u00e9 Especiais. Estamos editando e aproveitando o tempo para acelerar a produ\u00e7\u00e3o.<br \/>\nAl\u00e9m disso, nosso Clube Apaixonados Por Caf\u00e9 tem sido um sucesso! Estamos com novos assinantes todos os dias, que receber\u00e3o mensalmente nossos caf\u00e9s. Vamos convidar nossos parceiros para serem embaixadores do clube, recebendo sobre os indica\u00e7\u00f5es que fecharem conosco.<\/p>\n<p>Diariamente, tentamos deixar a tristeza e a apreens\u00e3o de lado. Sugerimos do fundo do cora\u00e7\u00e3o que voc\u00eas tamb\u00e9m fa\u00e7am isso, pensem positivo e saibam que voc\u00eas fizeram o melhor! N\u00e3o temos culpa nessa pandemia, ent\u00e3o vamos nos preparar para quando tudo voltar ao normal e largar na frente! Pedimos a Deus que aben\u00e7oe cada um de nossos parceiros, colaboradores, fornecedores e suas fam\u00edlias! Que estejam com sa\u00fade e que Deus nos permita recuperar e melhorar em muito nossa condi\u00e7\u00e3o financeira, afinal, trabalhamos e perseveramos muito para isso!<\/p>\n<p>Um grande abra\u00e7o de toda a fam\u00edlia Villa Caf\u00e9. Ser\u00e1 um prazer receber sua resposta e podermos conversar!<\/p>\n","protected":false},"excerpt":{"rendered":"<p>Prezados parceiros, colaboradores e clientes do Villa Caf\u00e9, Sabemos que este momento n\u00e3o est\u00e1 sendo f\u00e1cil! E pedimos todo dia [&hellip;]<\/p>\n","protected":false},"author":7,"featured_media":4325,"comment_status":"open","ping_status":"closed","sticky":false,"template":"","format":"standard","meta":{"_acf_changed":false,"footnotes":""},"categories":[2,21,216],"tags":[],"class_list":["post-4324","post","type-post","status-publish","format-standard","has-post-thumbnail","hentry","category-conteudo","category-industria","category-mercado"],"acf":[],"_links":{"self":[{"href":"https:\/\/villacafe.com.br\/blog\/wp-json\/wp\/v2\/posts\/4324","targetHints":{"allow":["GET"]}}],"collection":[{"href":"https:\/\/villacafe.com.br\/blog\/wp-json\/wp\/v2\/posts"}],"about":[{"href":"https:\/\/villacafe.com.br\/blog\/wp-json\/wp\/v2\/types\/post"}],"author":[{"embeddable":true,"href":"https:\/\/villacafe.com.br\/blog\/wp-json\/wp\/v2\/users\/7"}],"replies":[{"embeddable":true,"href":"https:\/\/villacafe.com.br\/blog\/wp-json\/wp\/v2\/comments?post=4324"}],"version-history":[{"count":1,"href":"https:\/\/villacafe.com.br\/blog\/wp-json\/wp\/v2\/posts\/4324\/revisions"}],"predecessor-version":[{"id":4326,"href":"https:\/\/villacafe.com.br\/blog\/wp-json\/wp\/v2\/posts\/4324\/revisions\/4326"}],"wp:featuredmedia":[{"embeddable":true,"href":"https:\/\/villacafe.com.br\/blog\/wp-json\/wp\/v2\/media\/4325"}],"wp:attachment":[{"href":"https:\/\/villacafe.com.br\/blog\/wp-json\/wp\/v2\/media?parent=4324"}],"wp:term":[{"taxonomy":"category","embeddable":true,"href":"https:\/\/villacafe.com.br\/blog\/wp-json\/wp\/v2\/categories?post=4324"},{"taxonomy":"post_tag","embeddable":true,"href":"https:\/\/villacafe.com.br\/blog\/wp-json\/wp\/v2\/tags?post=4324"}],"curies":[{"name":"wp","href":"https:\/\/api.w.org\/{rel}","templated":true}]}}