{"id":4263,"date":"2020-04-07T14:00:26","date_gmt":"2020-04-07T17:00:26","guid":{"rendered":"https:\/\/villacafe.com.br\/blog\/?p=4263"},"modified":"2020-04-29T11:33:25","modified_gmt":"2020-04-29T14:33:25","slug":"cafes-especiais-conhecas-os-nossos-microlotes","status":"publish","type":"post","link":"https:\/\/villacafe.com.br\/blog\/cafes-especiais-conhecas-os-nossos-microlotes\/","title":{"rendered":"Caf\u00e9s especiais: Conhe\u00e7a os microlotes do Villa Caf\u00e9"},"content":{"rendered":"<p><span style=\"font-weight: 400;\">Durante a nossa trajet\u00f3ria, compartilhamos com os queridos consumidores da nossa marca um pouco da nossa paix\u00e3o por caf\u00e9s especiais. Quem nos conhece, sabe que o Villa Caf\u00e9 \u00e9 baseado na paix\u00e3o por caf\u00e9 e os nossos produtos refletem tudo isso.\u00a0<\/span><\/p>\n<p><span style=\"font-weight: 400;\">Aqui no Villa Caf\u00e9, os nossos melhores baristas s\u00e3o convidados a percorrer o pa\u00eds como ca\u00e7adores dos melhores caf\u00e9s, ou como gostamos de cham\u00e1-los: Coffee Hunters.\u00a0<\/span><\/p>\n<p><span style=\"font-weight: 400;\">O principal papel deles \u00e9 encontrar os melhores e mais diferenciados caf\u00e9s pontuados pelo Brasil, e entretanto, compr\u00e1-los por um pre\u00e7o justo, trazendo para voc\u00eas, apaixonados por caf\u00e9, como a gente.\u00a0<\/span><\/p>\n<p><span style=\"font-weight: 400;\">Estes s\u00e3o provenientes de microlotes limitados de caf\u00e9s especiais,\u00a0 avaliados e pontuados de produtores premiados no Brasil para o consumidor brasileiro, arrematados pela Villa Caf\u00e9, por isso, aqui s\u00e3o indicados pela nomenclatura <\/span><strong><i>Reserva<\/i><\/strong><span style=\"font-weight: 400;\"> em seu nome.\u00a0<\/span><\/p>\n<p><span style=\"font-weight: 400;\">Como resultado dessa constante busca por caf\u00e9s especiais extraordin\u00e1rios pelo pa\u00eds, a nossa linha de produtos s\u00f3 cresce e podemos trazer os melhores para voc\u00ea que \u00e9 apaixonado por caf\u00e9 de verdade. Neste post, vamos te contar um pouco da hist\u00f3ria de seis dos nossos melhores caf\u00e9s. Continue lendo.\u00a0<\/span><\/p>\n<h2><span style=\"font-weight: 400;\">Caf\u00e9 Santa Origem <em>Reserva<\/em> &#8211; O caf\u00e9 intenso estilo europeu<\/span><\/h2>\n<h2><a href=\"https:\/\/loja.villacafe.com.br\/produtos\/reserva-villa-cafe-santa-origem-pct-250g\/\"><img fetchpriority=\"high\" decoding=\"async\" class=\"aligncenter wp-image-4319\" src=\"https:\/\/villacafe.com.br\/blog\/wp-content\/uploads\/2020\/04\/Santa-Origem.png\" alt=\"\" width=\"451\" height=\"212\" srcset=\"https:\/\/villacafe.com.br\/blog\/wp-content\/uploads\/2020\/04\/Santa-Origem.png 1240w, https:\/\/villacafe.com.br\/blog\/wp-content\/uploads\/2020\/04\/Santa-Origem-300x141.png 300w, https:\/\/villacafe.com.br\/blog\/wp-content\/uploads\/2020\/04\/Santa-Origem-768x361.png 768w, https:\/\/villacafe.com.br\/blog\/wp-content\/uploads\/2020\/04\/Santa-Origem-1024x481.png 1024w, https:\/\/villacafe.com.br\/blog\/wp-content\/uploads\/2020\/04\/Santa-Origem-40x19.png 40w, https:\/\/villacafe.com.br\/blog\/wp-content\/uploads\/2020\/04\/Santa-Origem-600x282.png 600w\" sizes=\"(max-width: 451px) 100vw, 451px\" \/><\/a><\/h2>\n<p><span style=\"font-weight: 400;\">Colhido a m\u00e3o no Sul de Minas Gerais, o <a href=\"https:\/\/loja.villacafe.com.br\/produtos\/reserva-villa-cafe-santa-origem-pct-250g\/?variant=66534798\" target=\"_blank\" rel=\"noopener\"><strong>Villa\u00a0Caf\u00e9 Santa Origem\u00a0<\/strong><\/a><\/span><strong><i>Reserva<\/i><\/strong><span style=\"font-weight: 400;\">\u00a0 tem sua colheita realizada no in\u00edcio da safra, os gr\u00e3os deste caf\u00e9 passam por um importante filtro de qualidade: O tato, a percep\u00e7\u00e3o e a sensibilidade de profissionais de extensa experi\u00eancia na sele\u00e7\u00e3o deste <em>Caf\u00e9 Especial<\/em>.\u00a0<\/span><\/p>\n<p><span style=\"font-weight: 400;\">Por isso, o Santa Origem \u00e9 assim, de alt\u00edssima qualidade, intenso, para os apreciadores do estilo europeu. Este j\u00e1 \u00e9 um dos produtos de maior sucesso aqui do Villa Caf\u00e9.<\/span><\/p>\n<h2><span style=\"font-weight: 400;\">Villa Caf\u00e9 Honey <em>Reserva<\/em> &#8211; Do\u00e7ura e complexidade<\/span><\/h2>\n<p><a href=\"https:\/\/loja.villacafe.com.br\/produtos\/honey-villa-cafe-pct-250g-reserva-cafe-premiado\/\"><img decoding=\"async\" class=\"aligncenter size-full wp-image-4321\" src=\"https:\/\/villacafe.com.br\/blog\/wp-content\/uploads\/2020\/04\/Etiqueta-Honey.jpg\" alt=\"\" width=\"451\" height=\"215\" srcset=\"https:\/\/villacafe.com.br\/blog\/wp-content\/uploads\/2020\/04\/Etiqueta-Honey.jpg 451w, https:\/\/villacafe.com.br\/blog\/wp-content\/uploads\/2020\/04\/Etiqueta-Honey-300x143.jpg 300w, https:\/\/villacafe.com.br\/blog\/wp-content\/uploads\/2020\/04\/Etiqueta-Honey-40x19.jpg 40w\" sizes=\"(max-width: 451px) 100vw, 451px\" \/><\/a><\/p>\n<p><span style=\"font-weight: 400;\">Aqui gostamos de variedade e para quem gosta de apreciar caf\u00e9s com notas mais doces, temos o caf\u00e9 perfeito: <a href=\"https:\/\/loja.villacafe.com.br\/produtos\/honey-villa-cafe-pct-250g-reserva-cafe-premiado\/?variant=96538300\" target=\"_blank\" rel=\"noopener\"><strong>Villa\u00a0Caf\u00e9 Honey <\/strong><\/a><\/span><strong><i>Reserva<\/i><\/strong><span style=\"font-weight: 400;\"> . Doce e delicado, esta bebida tem notas marcantes de chocolate trufado. Sem d\u00favida vai surpreender os mais exigentes paladares.\u00a0<\/span><\/p>\n<p><span style=\"font-weight: 400;\">Sendo um dos caf\u00e9s com a pontua\u00e7\u00e3o mais alta aqui no Villa Caf\u00e9, o Honey \u00e9 suave, e traz consigo um pouco daquela ess\u00eancia marcante do Caf\u00e9 Natural.\u00a0<\/span><\/p>\n<h2><span style=\"font-weight: 400;\">Villa Caf\u00e9 Fazenda Chamusca <em>Reserva &#8211; Avel\u00e3 e suave<\/em><\/span><\/h2>\n<p><a href=\"https:\/\/loja.villacafe.com.br\/produtos\/reserva-villa-cafe-fazenda-chamusca-pct-250g\/\"><img decoding=\"async\" class=\"aligncenter size-full wp-image-4317\" src=\"https:\/\/villacafe.com.br\/blog\/wp-content\/uploads\/2020\/04\/Etiqueta-Chamusca.jpg\" alt=\"\" width=\"451\" height=\"215\" srcset=\"https:\/\/villacafe.com.br\/blog\/wp-content\/uploads\/2020\/04\/Etiqueta-Chamusca.jpg 451w, https:\/\/villacafe.com.br\/blog\/wp-content\/uploads\/2020\/04\/Etiqueta-Chamusca-300x143.jpg 300w, https:\/\/villacafe.com.br\/blog\/wp-content\/uploads\/2020\/04\/Etiqueta-Chamusca-40x19.jpg 40w\" sizes=\"(max-width: 451px) 100vw, 451px\" \/><\/a><\/p>\n<p><span style=\"font-weight: 400;\">Na nossa busca por caf\u00e9s extraordin\u00e1rios pelo Brasil, encontramos a Fazenda Chamusca que d\u00e1 nome a este produto. Adquirido a um pre\u00e7o justo, o <strong><a href=\"https:\/\/loja.villacafe.com.br\/produtos\/reserva-villa-cafe-fazenda-chamusca-pct-250g\/?variant=113398550\" target=\"_blank\" rel=\"noopener\">Villa Caf\u00e9 Fazenda Chamusca <\/a><\/strong><\/span><strong><i>Reserva<\/i><\/strong><span style=\"font-weight: 400;\"> \u00e9 um produto muito especial e um dos mais procurados em nossas lojas.\u00a0<\/span><\/p>\n<p><span style=\"font-weight: 400;\">Entre as principais caracter\u00edsticas deste caf\u00e9 est\u00e3o a sua intensidade, a do\u00e7ura da cana de a\u00e7\u00facar, notas de avel\u00e3 e uma acidez balanceada. Harmonizando perfeitamente seu corpo suave e com uma finaliza\u00e7\u00e3o amadeirada.\u00a0<\/span><\/p>\n<h2><span style=\"font-weight: 400;\">Caf\u00e9 Citrus Cerrado <em>Reserva &#8211; C\u00edtrico e\u00a0<\/em><\/span><span style=\"font-weight: 400;\"><i>Inconfund\u00edvel<\/i><\/span><\/h2>\n<p><a href=\"https:\/\/loja.villacafe.com.br\/produtos\/melhorcafedocerrado\/\"><img loading=\"lazy\" decoding=\"async\" class=\"aligncenter wp-image-4316\" src=\"https:\/\/villacafe.com.br\/blog\/wp-content\/uploads\/2020\/04\/Cerrado.png\" alt=\"\" width=\"451\" height=\"212\" srcset=\"https:\/\/villacafe.com.br\/blog\/wp-content\/uploads\/2020\/04\/Cerrado.png 1240w, https:\/\/villacafe.com.br\/blog\/wp-content\/uploads\/2020\/04\/Cerrado-300x141.png 300w, https:\/\/villacafe.com.br\/blog\/wp-content\/uploads\/2020\/04\/Cerrado-768x361.png 768w, https:\/\/villacafe.com.br\/blog\/wp-content\/uploads\/2020\/04\/Cerrado-1024x481.png 1024w, https:\/\/villacafe.com.br\/blog\/wp-content\/uploads\/2020\/04\/Cerrado-40x19.png 40w, https:\/\/villacafe.com.br\/blog\/wp-content\/uploads\/2020\/04\/Cerrado-600x282.png 600w\" sizes=\"(max-width: 451px) 100vw, 451px\" \/><\/a><\/p>\n<p><span style=\"font-weight: 400;\">Voc\u00ea j\u00e1 deve imaginar a nossa felicidade em falar desse caf\u00e9 em especial, n\u00e3o \u00e9? <\/span><\/p>\n<p><span style=\"font-weight: 400;\">Ainda mais por que o <a href=\"https:\/\/loja.villacafe.com.br\/produtos\/melhorcafedocerrado\/?variant=113398755\" target=\"_blank\" rel=\"noopener\"><strong>Caf\u00e9\u00a0Citrus Cerrado <\/strong><\/a><\/span><strong><i>Reserva<\/i><\/strong><span style=\"font-weight: 400;\">, um aut\u00eantico exemplar Ar\u00e1bica, vem de umas das melhores regi\u00f5es produtoras do Brasil, O Cerrado Mineiro, mas precisamente a fazenda S\u00e3o Bernardo, na cidade de Patroc\u00ednio, da\u00ed a\u00a0 origem do seu nome.<\/span><\/p>\n<p><span style=\"font-weight: 400;\">Este caf\u00e9 \u00e9 composto por gr\u00e3os cultivados de maneira diferenciada e com o cuidados artesanais na colheita. Uma das suas qualidades mais marcantes \u00e9 o seu aroma intenso, com toque peculiar de acidez c\u00edtrica e corpo muito presente com notas de tangerina e maracuj\u00e1.\u00a0<\/span><\/p>\n<p><a href=\"https:\/\/loja.villacafe.com.br\/search\/?q=reserva\"><img loading=\"lazy\" decoding=\"async\" class=\"aligncenter wp-image-4347 size-full\" src=\"https:\/\/villacafe.com.br\/blog\/wp-content\/uploads\/2020\/04\/slide-1581671548674-2076710775-059835f9eb160a8405b6555c6a06a67c1581671549.jpg\" alt=\"\" width=\"1240\" height=\"496\" srcset=\"https:\/\/villacafe.com.br\/blog\/wp-content\/uploads\/2020\/04\/slide-1581671548674-2076710775-059835f9eb160a8405b6555c6a06a67c1581671549.jpg 1240w, https:\/\/villacafe.com.br\/blog\/wp-content\/uploads\/2020\/04\/slide-1581671548674-2076710775-059835f9eb160a8405b6555c6a06a67c1581671549-300x120.jpg 300w, https:\/\/villacafe.com.br\/blog\/wp-content\/uploads\/2020\/04\/slide-1581671548674-2076710775-059835f9eb160a8405b6555c6a06a67c1581671549-768x307.jpg 768w, https:\/\/villacafe.com.br\/blog\/wp-content\/uploads\/2020\/04\/slide-1581671548674-2076710775-059835f9eb160a8405b6555c6a06a67c1581671549-1024x410.jpg 1024w, https:\/\/villacafe.com.br\/blog\/wp-content\/uploads\/2020\/04\/slide-1581671548674-2076710775-059835f9eb160a8405b6555c6a06a67c1581671549-40x16.jpg 40w, https:\/\/villacafe.com.br\/blog\/wp-content\/uploads\/2020\/04\/slide-1581671548674-2076710775-059835f9eb160a8405b6555c6a06a67c1581671549-600x240.jpg 600w\" sizes=\"(max-width: 1240px) 100vw, 1240px\" \/><\/a><\/p>\n<p>&nbsp;<\/p>\n<h2><span style=\"font-weight: 400;\">Vice-Campe\u00e3o da Bahia<em>, o caf\u00e9 floral e complexo\u00a0<\/em><\/span><\/h2>\n<p><a href=\"https:\/\/loja.villacafe.com.br\/produtos\/reserva-villa-cafe-vice-campeao-cafes-da-bahia-micro-lote-250g\/\"><img loading=\"lazy\" decoding=\"async\" class=\"aligncenter wp-image-4313 size-full\" src=\"https:\/\/villacafe.com.br\/blog\/wp-content\/uploads\/2020\/04\/Etiqueta-Bahia-test.jpg\" alt=\"\" width=\"451\" height=\"212\" srcset=\"https:\/\/villacafe.com.br\/blog\/wp-content\/uploads\/2020\/04\/Etiqueta-Bahia-test.jpg 451w, https:\/\/villacafe.com.br\/blog\/wp-content\/uploads\/2020\/04\/Etiqueta-Bahia-test-300x141.jpg 300w, https:\/\/villacafe.com.br\/blog\/wp-content\/uploads\/2020\/04\/Etiqueta-Bahia-test-40x19.jpg 40w\" sizes=\"(max-width: 451px) 100vw, 451px\" \/><\/a><\/p>\n<p><span style=\"font-weight: 400;\">Desde o in\u00edcio da hist\u00f3ria do Brasil, a Bahia desempenhou um papel de destaque e isso reflete nas grandes influ\u00eancias culturais que at\u00e9 hoje marcam a m\u00fasica, a culin\u00e1ria e at\u00e9 o nosso idioma. E n\u00e3o poderia ser diferente com o caf\u00e9!\u00a0<\/span><\/p>\n<p><span style=\"font-weight: 400;\">O <strong><a href=\"https:\/\/loja.villacafe.com.br\/produtos\/reserva-villa-cafe-vice-campeao-cafes-da-bahia-micro-lote-250g\/\" target=\"_blank\" rel=\"noopener\">Caf\u00e9s da Bahia <\/a><\/strong><\/span><strong><i>Reserva<\/i><\/strong><span style=\"font-weight: 400;\">, \u00e9 plantado com muita dedica\u00e7\u00e3o e t\u00e9cnicas de aprimoramento do plantio, colheita e secagem dos gr\u00e3os. Este caf\u00e9 especial \u00e9 cultivados na Fazenda Primavera, no munic\u00edpio de Barra da Cho\u00e7a, no interior Baiano.\u00a0<\/span><\/p>\n<h2><span style=\"font-weight: 400;\">Caf\u00e9 100% Conilon do Esp\u00edrito Santo <em>Reserva<\/em><\/span><\/h2>\n<p><a href=\"https:\/\/loja.villacafe.com.br\/produtos\/reserva-villa-cafe-100-conilon-do-espirito-santo-pct-250g\/\"><img loading=\"lazy\" decoding=\"async\" class=\"aligncenter size-full wp-image-4315\" src=\"https:\/\/villacafe.com.br\/blog\/wp-content\/uploads\/2020\/04\/Conilon.jpg\" alt=\"\" width=\"451\" height=\"212\" srcset=\"https:\/\/villacafe.com.br\/blog\/wp-content\/uploads\/2020\/04\/Conilon.jpg 451w, https:\/\/villacafe.com.br\/blog\/wp-content\/uploads\/2020\/04\/Conilon-300x141.jpg 300w, https:\/\/villacafe.com.br\/blog\/wp-content\/uploads\/2020\/04\/Conilon-40x19.jpg 40w\" sizes=\"(max-width: 451px) 100vw, 451px\" \/><\/a><\/p>\n<p><span style=\"font-weight: 400;\">Cultivado na Fazenda Venturim no munic\u00edpio de S\u00e3o Domingos do Norte &#8211; ES, <\/span><span style=\"font-weight: 400;\">em terras carregadas com o peso da hist\u00f3ria do Sr. Amadeo Venturim, que junto \u00e0 sua fam\u00edlia se estabeleceu na cidade, vindo da It\u00e1lia no ano de 1880.<\/span><\/p>\n<p><span style=\"font-weight: 400;\">O <strong><a href=\"https:\/\/loja.villacafe.com.br\/produtos\/reserva-villa-cafe-100-conilon-do-espirito-santo-pct-250g\/?variant=115983830\" target=\"_blank\" rel=\"noopener\">Villa Caf\u00e9 100% Conilon do Esp\u00edrito Santo <\/a><\/strong><\/span><strong><i>Reserva<\/i><\/strong><span style=\"font-weight: 400;\"> , faz jus ao seu nome e origem. Este \u00e9 um caf\u00e9 encorpado\u00a0 com notas de caramelo e baunilha. Este microlote com tanta hist\u00f3ria, cuidado e qualidade, representa a inten\u00e7\u00e3o do Villa Caf\u00e9 de trazer aos nossos apaixonados por caf\u00e9s especiais, os melhores e mais premiados gr\u00e3os brasileiros.\u00a0<\/span><\/p>\n<p>[wptb id=4333]<\/p>\n<p><span style=\"font-weight: 400;\">Bom, se voc\u00ea chegou at\u00e9 aqui, agora conhece nossas j\u00f3ias da casa, nossos melhores caf\u00e9s especiais. Estes relatos que citamos aqui, trazem um pouco da hist\u00f3ria de cada um de nossos produtos. <\/span><span style=\"font-weight: 400;\">Queridos por n\u00f3s da Villa Caf\u00e9 e pelos amantes mais fi\u00e9is de caf\u00e9.\u00a0<\/span><\/p>\n<p><span style=\"font-weight: 400;\">Se como n\u00f3s, tamb\u00e9m \u00e9 um amante de caf\u00e9, tem a chance de experimentar cada um desses achados e n\u00f3s, entregamos com carinho na sua mesa.\u00a0 Visite nossa loja virtual e escolha qual deles vai agradar mais o seu paladar. Uma dica: Experimente todos!<\/span><\/p>\n","protected":false},"excerpt":{"rendered":"<p>Durante a nossa trajet\u00f3ria, compartilhamos com os queridos consumidores da nossa marca um pouco da nossa paix\u00e3o por caf\u00e9s especiais. [&hellip;]<\/p>\n","protected":false},"author":9,"featured_media":4290,"comment_status":"open","ping_status":"closed","sticky":false,"template":"","format":"standard","meta":{"_acf_changed":false,"footnotes":""},"categories":[2,215,21],"tags":[],"class_list":["post-4263","post","type-post","status-publish","format-standard","has-post-thumbnail","hentry","category-conteudo","category-barista","category-industria"],"acf":[],"_links":{"self":[{"href":"https:\/\/villacafe.com.br\/blog\/wp-json\/wp\/v2\/posts\/4263","targetHints":{"allow":["GET"]}}],"collection":[{"href":"https:\/\/villacafe.com.br\/blog\/wp-json\/wp\/v2\/posts"}],"about":[{"href":"https:\/\/villacafe.com.br\/blog\/wp-json\/wp\/v2\/types\/post"}],"author":[{"embeddable":true,"href":"https:\/\/villacafe.com.br\/blog\/wp-json\/wp\/v2\/users\/9"}],"replies":[{"embeddable":true,"href":"https:\/\/villacafe.com.br\/blog\/wp-json\/wp\/v2\/comments?post=4263"}],"version-history":[{"count":33,"href":"https:\/\/villacafe.com.br\/blog\/wp-json\/wp\/v2\/posts\/4263\/revisions"}],"predecessor-version":[{"id":4348,"href":"https:\/\/villacafe.com.br\/blog\/wp-json\/wp\/v2\/posts\/4263\/revisions\/4348"}],"wp:featuredmedia":[{"embeddable":true,"href":"https:\/\/villacafe.com.br\/blog\/wp-json\/wp\/v2\/media\/4290"}],"wp:attachment":[{"href":"https:\/\/villacafe.com.br\/blog\/wp-json\/wp\/v2\/media?parent=4263"}],"wp:term":[{"taxonomy":"category","embeddable":true,"href":"https:\/\/villacafe.com.br\/blog\/wp-json\/wp\/v2\/categories?post=4263"},{"taxonomy":"post_tag","embeddable":true,"href":"https:\/\/villacafe.com.br\/blog\/wp-json\/wp\/v2\/tags?post=4263"}],"curies":[{"name":"wp","href":"https:\/\/api.w.org\/{rel}","templated":true}]}}