{"id":4195,"date":"2020-02-11T14:00:04","date_gmt":"2020-02-11T17:00:04","guid":{"rendered":"https:\/\/villacafe.com.br\/blog\/?p=4195"},"modified":"2020-02-11T16:38:44","modified_gmt":"2020-02-11T19:38:44","slug":"vantagens-do-moedor-de-cafe-eletrico","status":"publish","type":"post","link":"https:\/\/villacafe.com.br\/blog\/vantagens-do-moedor-de-cafe-eletrico\/","title":{"rendered":"Vantagens do moedor de caf\u00e9 el\u00e9trico"},"content":{"rendered":"<p>Moer o seu caf\u00e9 especial na hora do consumo tem diversos benef\u00edcios. Atualmente, existem tr\u00eas tipos de granula\u00e7\u00e3o: fina, m\u00e9dia ou grossa. Mas, o mercado especializado prop\u00f5e, tamb\u00e9m, sub variedades da moagem para personalizar a experi\u00eancia do consumidor.<\/p>\n<p>Al\u00e9m disso, a moagem \u00a0extrai a bebida da forma adequada, impedindo \u00a0ocorrer subextra\u00e7\u00e3o ou sobrextra\u00e7\u00e3o, ou seja, uma bebida extra\u00edda de menos ou demais. Por esse motivo, \u00e9 cada vez mais importante a escolha certa do seu moedor. o caf\u00e9 mo\u00eddo vai perdendo sua complexidade e, at\u00e9 mesmo, a qualidade \u00e0 medida que os dias passam. Por, isso, \u00e9 fundamental beber um caf\u00e9\u00a0 com o gr\u00e3o mo\u00eddo na hora.<\/p>\n<p><img fetchpriority=\"high\" decoding=\"async\" class=\"aligncenter size-full wp-image-4197\" src=\"https:\/\/villacafe.com.br\/blog\/wp-content\/uploads\/2020\/01\/giphy-1.gif\" alt=\"\" width=\"480\" height=\"480\" \/><\/p>\n<p>&nbsp;<\/p>\n<h2><strong>Vantagens do moedor de caf\u00e9 el\u00e9trico<\/strong><\/h2>\n<p>Uma das maiores vantagens ao adquirir um moedor de caf\u00e9 \u00e9 conseguir extrair o m\u00e1ximo de sabor e aroma do \u00a0produto. Por esse motivo, \u00e9 importante aten\u00e7\u00e3o com qual tipo de moedor escolher.<\/p>\n<p>Para obter o melhor sabor, ou mesmo conseguir fazer a extra\u00e7\u00e3o com sucesso, \u00e9 necess\u00e1rio o p\u00f3 apresentar determinada espessura. Isso muda de acordo com o m\u00e9todo.\u00a0 Por exemplo, para a prensa francesa, o ideal \u00e9 utilizar uma moagem mais grossa, enquanto para o caf\u00e9 expresso, deve ser bem fina.<\/p>\n<p>Quando voc\u00ea escolhe o caf\u00e9 em gr\u00e3os, \u00e9 poss\u00edvel decidir o ponto ideal da moagem de acordo com o m\u00e9todo para preparar o caf\u00e9. O processo proporciona a liberdade para aproveitar o sabor da bebida em diversas formas.<\/p>\n<p>Antes de adquirir um moedor de caf\u00e9 el\u00e9trico, \u00e9 importante pensar quanto de recurso possui para investir no \u00a0aumento da qualidade do seu cafezinho. Os moedores de Caf\u00e9 El\u00e9tricos s\u00e3o bem vers\u00e1teis. Existem aqueles de entrada e at\u00e9 os mais caros.<\/p>\n<p>Inicialmente, os moedores podem ser divididos em duas categorias com base no material de suas l\u00e2minas\/m\u00f3s.<\/p>\n<h2><strong>Tipos de moedores<\/strong><\/h2>\n<p>Os moinhos com l\u00e2mina de metal, geralmente, s\u00e3o os mais baratos.<\/p>\n<p>Existem op\u00e7\u00f5es que chegam a custar menos de 100 reais. Por\u00e9m, a desvantagem \u00e9 que suas l\u00e2minas n\u00e3o permitem uma moagem coesa em rela\u00e7\u00e3o a tamanho. Al\u00e9m disso, por ser de metal, durante o uso, esquenta e isso impacta na extra\u00e7\u00e3o da bebida.<\/p>\n<p>De qualquer forma, \u00e9 uma boa op\u00e7\u00e3o para quem est\u00e1 com um or\u00e7amento apertado e quer beber um caf\u00e9 fresco. J\u00e1, as l\u00e2minas de cer\u00e2mica oferecem um gr\u00e3o mo\u00eddo homog\u00eaneo, essencial para um caf\u00e9 perfeito.<\/p>\n<p>&nbsp;<\/p>\n<h2><strong>Moedores Villa Caf\u00e9<\/strong><\/h2>\n<p>Moer o gr\u00e3o na hora de beber, n\u00e3o \u00e9 s\u00f3 um capricho. \u00c9 um ritual importante. Afinal, sabemos que o caf\u00e9 mo\u00eddo vai perdendo sua complexidade e, at\u00e9 mesmo, a qualidade, \u00e0 medida que os dias passam. Por isso,\u00a0 \u00e9 fundamental beber um espresso com o gr\u00e3o mo\u00eddo na hora.<\/p>\n<p>Al\u00e9m da qualidade, ao moer o seu pr\u00f3prio caf\u00e9, \u00a0controla o tipo de moagem, o tempo de moagem, a espessura e, tudo isso interfere, diretamente, no sabor e qualidade.<\/p>\n<p>Para moer o caf\u00e9, \u00e9 preciso contar com um excelente moedor. E, isso n\u00f3s temos como oferecer.<\/p>\n<p>Confira <a href=\"https:\/\/eshop.villacafe.com.br\/maquinas\/\">nossa loja<\/a> e se apaixone!<\/p>\n","protected":false},"excerpt":{"rendered":"<p>Moer o seu caf\u00e9 especial na hora do consumo tem diversos benef\u00edcios. Atualmente, existem tr\u00eas tipos de granula\u00e7\u00e3o: fina, m\u00e9dia [&hellip;]<\/p>\n","protected":false},"author":2,"featured_media":4196,"comment_status":"open","ping_status":"closed","sticky":false,"template":"","format":"standard","meta":{"_acf_changed":false,"footnotes":""},"categories":[2,215,31],"tags":[90,15,348,357,309],"class_list":["post-4195","post","type-post","status-publish","format-standard","has-post-thumbnail","hentry","category-conteudo","category-barista","category-maquinas-de-cafe","tag-apaixonados-por-cafe","tag-cafe","tag-moedor-de-cafe","tag-moedor-de-cafe-eletrico","tag-moer-cafe"],"acf":[],"_links":{"self":[{"href":"https:\/\/villacafe.com.br\/blog\/wp-json\/wp\/v2\/posts\/4195","targetHints":{"allow":["GET"]}}],"collection":[{"href":"https:\/\/villacafe.com.br\/blog\/wp-json\/wp\/v2\/posts"}],"about":[{"href":"https:\/\/villacafe.com.br\/blog\/wp-json\/wp\/v2\/types\/post"}],"author":[{"embeddable":true,"href":"https:\/\/villacafe.com.br\/blog\/wp-json\/wp\/v2\/users\/2"}],"replies":[{"embeddable":true,"href":"https:\/\/villacafe.com.br\/blog\/wp-json\/wp\/v2\/comments?post=4195"}],"version-history":[{"count":3,"href":"https:\/\/villacafe.com.br\/blog\/wp-json\/wp\/v2\/posts\/4195\/revisions"}],"predecessor-version":[{"id":4200,"href":"https:\/\/villacafe.com.br\/blog\/wp-json\/wp\/v2\/posts\/4195\/revisions\/4200"}],"wp:featuredmedia":[{"embeddable":true,"href":"https:\/\/villacafe.com.br\/blog\/wp-json\/wp\/v2\/media\/4196"}],"wp:attachment":[{"href":"https:\/\/villacafe.com.br\/blog\/wp-json\/wp\/v2\/media?parent=4195"}],"wp:term":[{"taxonomy":"category","embeddable":true,"href":"https:\/\/villacafe.com.br\/blog\/wp-json\/wp\/v2\/categories?post=4195"},{"taxonomy":"post_tag","embeddable":true,"href":"https:\/\/villacafe.com.br\/blog\/wp-json\/wp\/v2\/tags?post=4195"}],"curies":[{"name":"wp","href":"https:\/\/api.w.org\/{rel}","templated":true}]}}