{"id":4179,"date":"2020-02-04T14:00:15","date_gmt":"2020-02-04T17:00:15","guid":{"rendered":"https:\/\/villacafe.com.br\/blog\/?p=4179"},"modified":"2020-01-30T19:16:55","modified_gmt":"2020-01-30T22:16:55","slug":"villa-cafe-com-leite-por-que-o-villa-se-juntou-a-itambe-e-a-tal-da-castanha","status":"publish","type":"post","link":"https:\/\/villacafe.com.br\/blog\/villa-cafe-com-leite-por-que-o-villa-se-juntou-a-itambe-e-a-tal-da-castanha\/","title":{"rendered":"Villa Caf\u00e9 com Leite? Por que o Villa se juntou \u00e0 Itamb\u00e9 e A Tal da Castanha?"},"content":{"rendered":"<p>Voc\u00ea sabia que o Villa Caf\u00e9 tem parceria com empresas renomadas do tamb\u00e9m maravilhoso mundo do leite? Se isso te soa estranho, saiba que nossos cappuccinos levam leite integral ou desnatado na f\u00f3rmula e, por isso, h\u00e1 anos pesquisamos e exploramos cada vez mais esse maravilhoso complemento ao caf\u00e9.<\/p>\n<h2>Por que uma empresa de caf\u00e9 quer explorar o leite tamb\u00e9m?<\/h2>\n<p>Bom, o primeiro motivo \u00e9 que, historicamente e no mundo inteiro, o caf\u00e9 e o leite &#x2615;+&#x1f376; sempre fizeram uma combina\u00e7\u00e3o maravilhosa (se juntar o <a href=\"https:\/\/loja.villacafe.com.br\/produtos\/chocolate-25g-chocolate-63-cacau-villa-cafe-un\/\">chocolate<\/a> ent\u00e3o&#8230; &#x1f60d;)!\u00a0 Os italianos, inventores do Cappuccino, que o digam!<\/p>\n<p><img decoding=\"async\" class=\"alignleft wp-image-4142 size-medium\" src=\"https:\/\/villacafe.com.br\/blog\/wp-content\/uploads\/2019\/12\/giphy-1-e1580418813173-300x134.gif\" alt=\"curso de barista\" width=\"300\" height=\"134\" srcset=\"https:\/\/villacafe.com.br\/blog\/wp-content\/uploads\/2019\/12\/giphy-1-e1580418813173-300x134.gif 300w, https:\/\/villacafe.com.br\/blog\/wp-content\/uploads\/2019\/12\/giphy-1-e1580418813173-40x18.gif 40w\" sizes=\"(max-width: 300px) 100vw, 300px\" \/><\/p>\n<p>Al\u00e9m disso, entender e explorar o leite passou a nos ajudar a desenvolver card\u00e1pios mais gostosos e inovadores e tamb\u00e9m contribui muito para nossos Cursos de Barista! Hoje, estamos mais preparados para as parcerias com as cafeterias, restaurantes, etc. Temos op\u00e7\u00f5es para diferentes p\u00fablicos e necessidades &#8211; drinks mais cremosos, drinks fitness, lowcarb, veganos\u00a0e lacfree. &#x1f376;<\/p>\n<h2>N\u00f3s evolu\u00edmos com a Itamb\u00e9 e A Tal da Castanha, parceiros estrat\u00e9gicos<\/h2>\n<p>Obviamente, o foco e o conhecimento do Villa Caf\u00e9 est\u00e1 no CAF\u00c9! Ent\u00e3o, precisamos de parceiros que entendam do leite da mesma forma que n\u00f3s entendemos de caf\u00e9.\u00a0 Juntos, ficamos mais fortes, e avan\u00e7amos nessa a parceria cada vez mais.<\/p>\n<ul>\n<li>A <strong>Itamb\u00e9<\/strong>\u00a0<a href=\"https:\/\/www.instagram.com\/itambe\/\">@itambe<\/a>, que j\u00e1 atende o grande p\u00fablico com alta qualidade, confian\u00e7a e bons pre\u00e7os, nos ofereceu o Natural Milk &#8211; leite super cremoso, excelente para misturar com caf\u00e9! Jogada de mestre da empresa que atende agora as pessoas mais exigentes quando o assunto \u00e9 leite integral, baristas e donos de cafeterias.<\/li>\n<li>\n<div id=\"attachment_4185\" style=\"width: 310px\" class=\"wp-caption alignright\"><img decoding=\"async\" aria-describedby=\"caption-attachment-4185\" class=\"wp-image-4185 size-medium\" src=\"https:\/\/villacafe.com.br\/blog\/wp-content\/uploads\/2020\/02\/A-Tal-da-Castanha-300x135.png\" alt=\"\" width=\"300\" height=\"135\" srcset=\"https:\/\/villacafe.com.br\/blog\/wp-content\/uploads\/2020\/02\/A-Tal-da-Castanha-300x135.png 300w, https:\/\/villacafe.com.br\/blog\/wp-content\/uploads\/2020\/02\/A-Tal-da-Castanha-768x346.png 768w, https:\/\/villacafe.com.br\/blog\/wp-content\/uploads\/2020\/02\/A-Tal-da-Castanha-1024x461.png 1024w, https:\/\/villacafe.com.br\/blog\/wp-content\/uploads\/2020\/02\/A-Tal-da-Castanha-40x18.png 40w, https:\/\/villacafe.com.br\/blog\/wp-content\/uploads\/2020\/02\/A-Tal-da-Castanha-600x270.png 600w, https:\/\/villacafe.com.br\/blog\/wp-content\/uploads\/2020\/02\/A-Tal-da-Castanha.png 1152w\" sizes=\"(max-width: 300px) 100vw, 300px\" \/><p id=\"caption-attachment-4185\" class=\"wp-caption-text\">C<\/p><\/div>\n<p>J\u00e1 <strong>A Tal da Castanha\u00a0<\/strong><a href=\"https:\/\/www.instagram.com\/ataldacastanha\">@ataldacastanha<\/a>\u00a0\u00e9 a op\u00e7\u00e3o certa do seleto p\u00fablico que busca leites vegetais, seja para uma alimenta\u00e7\u00e3o vegana, sem lactose e\/ou de baixa caloria. Oferecemos os 18 produtos da A Tal da Castanha, que t\u00eam grande sucesso tamb\u00e9m no mundo fitness. Desde os leites vegetais, castanha de caju, pastas at\u00e9 as <strong>bebidas prontas<\/strong> como <strong>cappuccino com 20g de prote\u00edna<\/strong> e tamb\u00e9m o <strong>leite de castanha com banana e chia!<\/strong><\/li>\n<\/ul>\n<h2>Conhe\u00e7a a linha Plant Power Protein, da Tal da Castanha<\/h2>\n<p><img fetchpriority=\"high\" decoding=\"async\" class=\"aligncenter wp-image-4186\" src=\"https:\/\/villacafe.com.br\/blog\/wp-content\/uploads\/2020\/02\/A-Tal-da-Castanha-4-300x185.png\" alt=\"\" width=\"588\" height=\"363\" srcset=\"https:\/\/villacafe.com.br\/blog\/wp-content\/uploads\/2020\/02\/A-Tal-da-Castanha-4-300x185.png 300w, https:\/\/villacafe.com.br\/blog\/wp-content\/uploads\/2020\/02\/A-Tal-da-Castanha-4-40x25.png 40w, https:\/\/villacafe.com.br\/blog\/wp-content\/uploads\/2020\/02\/A-Tal-da-Castanha-4-600x369.png 600w, https:\/\/villacafe.com.br\/blog\/wp-content\/uploads\/2020\/02\/A-Tal-da-Castanha-4.png 990w\" sizes=\"(max-width: 588px) 100vw, 588px\" \/><\/p>\n<p>&nbsp;<\/p>\n<p><img loading=\"lazy\" decoding=\"async\" class=\"\" src=\"http:\/\/ataldacastanha.com.br\/wp-content\/themes\/ataldacastanha\/images\/Tabela-Nutricional---Banana-Chia.svg\" width=\"357\" height=\"468\" \/><\/p>\n<h2>Quero conhecer esses produtos, atrav\u00e9s de amostras e maiores informa\u00e7\u00f5es!<\/h2>\n<p>Quer conhecer esses produtos? Veja a lista abaixo e converse com nossa equipe! Diga qual produto te interessa e ser\u00e1 um prazer te levar amostras! \u00c9 s\u00f3 ter um pouquinho de calma que nossa equipe \u00e9 atenciosa, ent\u00e3o conseguimos fazer poucas visitas por dia!<\/p>\n<p><a href=\"https:\/\/loja.villacafe.com.br\/a-tal-da-castanha\/\">Clique aqui e veja no site todas as op\u00e7\u00f5es abaixo:<\/a><\/p>\n<table style=\"height: 704px;\" width=\"467\">\n<tbody>\n<tr>\n<td width=\"392\">Alimento de Castanha de Caju Original &#8211; 200ml<\/td>\n<\/tr>\n<tr>\n<td>Alimento de Castanha de Caju + Chocolate &#8211; 200ml<\/td>\n<\/tr>\n<tr>\n<td>Alimento de Am\u00eandoa 1L<\/td>\n<\/tr>\n<tr>\n<td>Alimento de Castanha Mixed Nutts 1L<\/td>\n<\/tr>\n<tr>\n<td>Alimento de Castanha de Caju Original 1L<\/td>\n<\/tr>\n<tr>\n<td>Alimento de Castanha de Caju + Coco 1L<\/td>\n<\/tr>\n<tr>\n<td>Alimento de Castanha de Caju + Par\u00e1 1L<\/td>\n<\/tr>\n<tr>\n<td>Alimento de Castanha de Caju + Chocolate 1L<\/td>\n<\/tr>\n<tr>\n<td>Alimento de Castanha de Caju e Amendoim 1L<\/td>\n<\/tr>\n<tr>\n<td>Pasta de Castanha Org\u00e2nica Original 120g<\/td>\n<\/tr>\n<tr>\n<td>Pasta de Castanha Org\u00e2nica Choconuts 120g<\/td>\n<\/tr>\n<tr>\n<td>Pasta de Castanha Org\u00e2nica Caju+Coco 120g<\/td>\n<\/tr>\n<tr>\n<td>Castanhas Cruas Org\u00e2nicas 50g<\/td>\n<\/tr>\n<tr>\n<td>Castanhas Assadas Org\u00e2nicas 50g<\/td>\n<\/tr>\n<tr>\n<td>Castanhas com Coco Org\u00e2nicas 50g<\/td>\n<\/tr>\n<tr>\n<td>Alimento de Castanha e Cacau 330ml + 20g PROTE\u00cdNA<\/td>\n<\/tr>\n<tr>\n<td>Alimento de Castanha Banana e Chia 330ml + 20g PROTE\u00cdNA<\/td>\n<\/tr>\n<tr>\n<td>Alimento de Castanha Cappuccino 330ml + 20g PROTE\u00cdNA<\/td>\n<\/tr>\n<tr>\n<td>Cx com 10 Bombom 70% Cacau Eritritol Recheio Am\u00eandoas<\/td>\n<\/tr>\n<tr>\n<td>Chocolate 25g &#8211; Chocolate 63% Cacau + Villa Caf\u00e9<\/td>\n<\/tr>\n<\/tbody>\n<\/table>\n<p><img loading=\"lazy\" decoding=\"async\" class=\"size-medium wp-image-4105 alignright\" src=\"https:\/\/villacafe.com.br\/blog\/wp-content\/uploads\/2019\/11\/CLIQUE-CAPPUCCINO-CARA-NOVA-243x300.jpg\" alt=\"\" width=\"243\" height=\"300\" srcset=\"https:\/\/villacafe.com.br\/blog\/wp-content\/uploads\/2019\/11\/CLIQUE-CAPPUCCINO-CARA-NOVA-243x300.jpg 243w, https:\/\/villacafe.com.br\/blog\/wp-content\/uploads\/2019\/11\/CLIQUE-CAPPUCCINO-CARA-NOVA-32x40.jpg 32w, https:\/\/villacafe.com.br\/blog\/wp-content\/uploads\/2019\/11\/CLIQUE-CAPPUCCINO-CARA-NOVA.jpg 360w\" sizes=\"(max-width: 243px) 100vw, 243px\" \/><\/p>\n<p>&nbsp;<\/p>\n<p>E voc\u00ea, gostou dessas novidades do Villa Caf\u00e9? O que mais podemos fazer para encant\u00e1-lo(a)? Deixe sua ideia, compartilhe conosco!<\/p>\n<p>E lembre-se que o Villa Caf\u00e9 existe para te atender!<\/p>\n<p><a href=\"https:\/\/www.instagram.com\/explore\/tags\/vemprovilla\/\">#VemProVilla<\/a>\u00a0<a href=\"https:\/\/www.instagram.com\/explore\/tags\/%E2%98%95%EF%B8%8F\/\">#&#x2615;&#xfe0f;<\/a>&#x1f95b;\u00a0<a href=\"https:\/\/www.instagram.com\/explore\/tags\/%E2%98%95%EF%B8%8F\/\">#&#x2615;&#xfe0f;<\/a>\u00a0#&#x1f95b;\u00a0<a href=\"https:\/\/www.instagram.com\/explore\/tags\/villacafe\/\">#villacafe<\/a>\u00a0<a href=\"https:\/\/www.instagram.com\/explore\/tags\/apaixonadosporcaf%C3%A9\/\">#ApaixonadosPorCaf\u00e9<\/a><br \/>\n<a href=\"https:\/\/www.instagram.com\/explore\/tags\/apaixonadosporcafe\/\">#apaixonadosporcafe<\/a>\u00a0<a href=\"https:\/\/www.instagram.com\/explore\/tags\/drinks\/\">#drinks<\/a>\u00a0<a href=\"https:\/\/www.instagram.com\/explore\/tags\/receitas\/\">#receitas<\/a><\/p>\n<p><a href=\"https:\/\/www.instagram.com\/explore\/tags\/consultoria\/\">#consultoria<\/a>\u00a0<a href=\"https:\/\/www.instagram.com\/explore\/tags\/barista\/\">#barista<\/a>\u00a0<a href=\"https:\/\/www.instagram.com\/explore\/tags\/latte\/\">#latte<\/a>\u00a0<a href=\"https:\/\/www.instagram.com\/explore\/tags\/leite\/\">#leite<\/a>\u00a0<a href=\"https:\/\/www.instagram.com\/explore\/tags\/cafe\/\">#cafe<\/a><br \/>\n<a href=\"https:\/\/www.instagram.com\/explore\/tags\/cafecomleite\/\">#cafecomleite<\/a>\u00a0<a href=\"https:\/\/www.instagram.com\/explore\/tags\/cappuccino\/\">#cappuccino<\/a>\u00a0<a href=\"https:\/\/www.instagram.com\/explore\/tags\/mocha\/\">#mocha<\/a>\u00a0<a href=\"https:\/\/www.instagram.com\/explore\/tags\/baristagram\/\">#baristagram<\/a><\/p>\n<p><a href=\"https:\/\/www.instagram.com\/explore\/tags\/itambe\/\">#itambe<\/a>\u00a0<a href=\"https:\/\/www.instagram.com\/explore\/tags\/cajueiro\/\">#ataldacastanha<\/a>\u00a0<a href=\"https:\/\/www.instagram.com\/explore\/tags\/compreaqui\/\">#compreaqui<\/a>\u00a0<a href=\"https:\/\/www.instagram.com\/explore\/tags\/compreonline\/\">#compreonline<\/a><\/p>\n","protected":false},"excerpt":{"rendered":"<p>Voc\u00ea sabia que o Villa Caf\u00e9 tem parceria com empresas renomadas do tamb\u00e9m maravilhoso mundo do leite? Se isso te soa estranho, saiba que nossos cappuccinos levam leite integral ou desnatado na f\u00f3rmula e, por isso, h\u00e1 anos pesquisamos e exploramos cada vez mais esse maravilhoso complemento ao caf\u00e9.<\/p>\n","protected":false},"author":7,"featured_media":4183,"comment_status":"open","ping_status":"closed","sticky":false,"template":"","format":"standard","meta":{"_acf_changed":false,"footnotes":""},"categories":[2,215,21],"tags":[353,331,86,355,352,189,46,356,354,85],"class_list":["post-4179","post","type-post","status-publish","format-standard","has-post-thumbnail","hentry","category-conteudo","category-barista","category-industria","tag-a-tal-da-castanha","tag-cafe-com-leite","tag-cappuccino","tag-lacfree","tag-leite-itambe","tag-marketing","tag-receita","tag-sem-lactose","tag-tal-da-castanha","tag-villa-cafe"],"acf":[],"_links":{"self":[{"href":"https:\/\/villacafe.com.br\/blog\/wp-json\/wp\/v2\/posts\/4179","targetHints":{"allow":["GET"]}}],"collection":[{"href":"https:\/\/villacafe.com.br\/blog\/wp-json\/wp\/v2\/posts"}],"about":[{"href":"https:\/\/villacafe.com.br\/blog\/wp-json\/wp\/v2\/types\/post"}],"author":[{"embeddable":true,"href":"https:\/\/villacafe.com.br\/blog\/wp-json\/wp\/v2\/users\/7"}],"replies":[{"embeddable":true,"href":"https:\/\/villacafe.com.br\/blog\/wp-json\/wp\/v2\/comments?post=4179"}],"version-history":[{"count":8,"href":"https:\/\/villacafe.com.br\/blog\/wp-json\/wp\/v2\/posts\/4179\/revisions"}],"predecessor-version":[{"id":4194,"href":"https:\/\/villacafe.com.br\/blog\/wp-json\/wp\/v2\/posts\/4179\/revisions\/4194"}],"wp:featuredmedia":[{"embeddable":true,"href":"https:\/\/villacafe.com.br\/blog\/wp-json\/wp\/v2\/media\/4183"}],"wp:attachment":[{"href":"https:\/\/villacafe.com.br\/blog\/wp-json\/wp\/v2\/media?parent=4179"}],"wp:term":[{"taxonomy":"category","embeddable":true,"href":"https:\/\/villacafe.com.br\/blog\/wp-json\/wp\/v2\/categories?post=4179"},{"taxonomy":"post_tag","embeddable":true,"href":"https:\/\/villacafe.com.br\/blog\/wp-json\/wp\/v2\/tags?post=4179"}],"curies":[{"name":"wp","href":"https:\/\/api.w.org\/{rel}","templated":true}]}}