{"id":3831,"date":"2018-12-04T14:09:37","date_gmt":"2018-12-04T16:09:37","guid":{"rendered":"https:\/\/villacafe.com.br\/blog\/conhece-a-corrida-moto-cafe-racer-descubra-agora-onde-surgiu\/"},"modified":"2018-12-04T19:51:03","modified_gmt":"2018-12-04T21:51:03","slug":"conhece-a-corrida-moto-cafe-racer-descubra-agora-onde-surgiu","status":"publish","type":"post","link":"https:\/\/villacafe.com.br\/blog\/conhece-a-corrida-moto-cafe-racer-descubra-agora-onde-surgiu\/","title":{"rendered":"Conhece a corrida Moto Caf\u00e9 Racer? Descubra agora onde surgiu"},"content":{"rendered":"<p>Que o caf\u00e9 \u00e9 uma bebida apaixonante, isso n\u00f3s j\u00e1 sabemos. <a href=\"https:\/\/villacafe.com.br\/blog\/a-liturgia-do-espresso-como-fazer-o-cafe-perfeito\/\" target=\"_blank\" rel=\"noopener\">Energizante, quente e r\u00e1pido<\/a> de se preparar e de consumir, n\u00e3o \u00e9 de surpreender que o caf\u00e9 tenha se associado tamb\u00e9m \u00e0s corridas de motocicleta e a todo um estilo de vida.<\/p>\n<p>Voc\u00ea sabe o que \u00e9 uma moto caf\u00e9 racer? Gosta de velocidade e de contracultura? Acompanhe-nos ao longo deste artigo e entenda essa tend\u00eancia que est\u00e1 voltando com for\u00e7a total!<\/p>\n<h2>O que \u00e9 uma moto caf\u00e9 racer?<\/h2>\n<p><img fetchpriority=\"high\" decoding=\"async\" class=\"size-medium wp-image-3836 alignleft\" src=\"https:\/\/villacafe.com.br\/blog\/wp-content\/uploads\/2018\/12\/cafe-racer-2-300x200.jpg\" alt=\"\" width=\"300\" height=\"200\" srcset=\"https:\/\/villacafe.com.br\/blog\/wp-content\/uploads\/2018\/12\/cafe-racer-2-300x200.jpg 300w, https:\/\/villacafe.com.br\/blog\/wp-content\/uploads\/2018\/12\/cafe-racer-2-40x27.jpg 40w, https:\/\/villacafe.com.br\/blog\/wp-content\/uploads\/2018\/12\/cafe-racer-2-600x399.jpg 600w, https:\/\/villacafe.com.br\/blog\/wp-content\/uploads\/2018\/12\/cafe-racer-2.jpg 625w\" sizes=\"(max-width: 300px) 100vw, 300px\" \/>Entre as d\u00e9cadas de 1950 e 1960, na Inglaterra, os jovens disputavam corridas nas estradas, usando como marco de in\u00edcio e t\u00e9rmino do percurso os <a href=\"https:\/\/villacafe.com.br\/blog\/marketing-para-cafeterias-5-estrategias-para-divulgar-sua-loja\/\" target=\"_blank\" rel=\"noopener\">caf\u00e9s de beira de estrada<\/a> (da\u00ed o nome <em>caf\u00e9 races<\/em>\u00a0\u2014\u00a0corridas dos caf\u00e9s).<\/p>\n<p>Por causa das corridas, os jovens brit\u00e2nicos preparavam suas motos para ganharem mais velocidade, retirando tudo que fosse considerado desnecess\u00e1rio: para-lamas, bancos grandes e at\u00e9 os retrovisores.<\/p>\n<p>Surgia, assim, uma est\u00e9tica de motocicletas que marcou todo o per\u00edodo e que vem ganhando novos adeptos nos \u00faltimos anos,\u00a0dentro e fora do Brasil: a moto caf\u00e9 racer.<\/p>\n<h3>Rock&#8217;n&#8217;Roll e contracultura<\/h3>\n<p>Como j\u00e1 mencionamos, as caf\u00e9 racers surgem entre as d\u00e9cadas de 50 e 60 na Inglaterra, ou seja, no auge do movimento de contracultura. Rock&#8217;n&#8217;roll, jaquetas de couro, jukeboxes e penteados ousados marcavam a juventude rebelde do per\u00edodo. Esses eram os elementos que sempre cercavam as corridas ilegais de moto.<\/p>\n<p>Hoje, com o retorno das motos desse\u00a0g\u00eanero, voltam tamb\u00e9m todos esses elementos, o que faz com que a moto caf\u00e9 racer seja, muito mais que um simples modelo de motocicleta, um verdadeiro estilo de vida.<\/p>\n<h3>Da garagem para a montadora<img decoding=\"async\" class=\"size-medium wp-image-3835 alignright\" src=\"https:\/\/villacafe.com.br\/blog\/wp-content\/uploads\/2018\/12\/cafe-racer-1-300x136.jpg\" alt=\"\" width=\"300\" height=\"136\" srcset=\"https:\/\/villacafe.com.br\/blog\/wp-content\/uploads\/2018\/12\/cafe-racer-1-300x136.jpg 300w, https:\/\/villacafe.com.br\/blog\/wp-content\/uploads\/2018\/12\/cafe-racer-1-40x18.jpg 40w, https:\/\/villacafe.com.br\/blog\/wp-content\/uploads\/2018\/12\/cafe-racer-1.jpg 540w\" sizes=\"(max-width: 300px) 100vw, 300px\" \/><\/h3>\n<p>Embora tenha surgido como um fen\u00f4meno de personaliza\u00e7\u00e3o caseira, a moto caf\u00e9 racer n\u00e3o tardou a cair tamb\u00e9m nas gra\u00e7as de algumas das principais montadoras, que come\u00e7aram a fabricar modelos pensados para atender \u00e0s demandas dos jovens da \u00e9poca.<\/p>\n<p>Algumas das marcas mais renomadas a montarem caf\u00e9 racers de f\u00e1brica foram: Triumph, Norton, BSA e at\u00e9 mesmo a gigante japonesa Honda.<\/p>\n<p>Al\u00e9m delas, algumas marcas surgiram da combina\u00e7\u00e3o de elementos de diferentes montadoras. \u00c9 caso, por exemplo, da Triton, que combinava o potente motor Triumph com quadro da Norton, um dos melhores do mercado. Da mesma forma, a Norvin combinava o motor Vincent \u00e0 excelente estrutura dos quadros Norton.<\/p>\n<h2>Cafeteira ou motocicleta?<\/h2>\n<p><img decoding=\"async\" class=\"size-medium wp-image-3837 alignright\" src=\"https:\/\/villacafe.com.br\/blog\/wp-content\/uploads\/2018\/12\/cafe-racer-3-300x300.jpg\" alt=\"\" width=\"300\" height=\"300\" srcset=\"https:\/\/villacafe.com.br\/blog\/wp-content\/uploads\/2018\/12\/cafe-racer-3-300x300.jpg 300w, https:\/\/villacafe.com.br\/blog\/wp-content\/uploads\/2018\/12\/cafe-racer-3-150x150.jpg 150w, https:\/\/villacafe.com.br\/blog\/wp-content\/uploads\/2018\/12\/cafe-racer-3.jpg 768w, https:\/\/villacafe.com.br\/blog\/wp-content\/uploads\/2018\/12\/cafe-racer-3-140x140.jpg 140w, https:\/\/villacafe.com.br\/blog\/wp-content\/uploads\/2018\/12\/cafe-racer-3-40x40.jpg 40w, https:\/\/villacafe.com.br\/blog\/wp-content\/uploads\/2018\/12\/cafe-racer-3-600x600.jpg 600w\" sizes=\"(max-width: 300px) 100vw, 300px\" \/><\/p>\n<p>Inspirada na est\u00e9tica caf\u00e9 racer, a Sanremo (uma das mais tradicionais fabricantes de cafeteiras da It\u00e1lia) lan\u00e7ou a m\u00e1quina <a href=\"http:\/\/www.sanremomachines.com\/en\/prodotti\/19\/Caf%C3%A9-Racer\" target=\"_blank\" rel=\"noopener\">Caf\u00e9 Racer<\/a>, que, assim como as motocicletas procuradas pelos aficionados, combina um design exclusivo com uma performance sem igual.<\/p>\n<p>Dispon\u00edvel em tr\u00eas modelos diferentes, a Caf\u00e9 Racer Sanremo foi a m\u00e1quina oficial do Campeonato Mundial de Latte Art, em novembro de 2018, sendo tamb\u00e9m um sucesso de vendas mundo afora.<\/p>\n<p>E voc\u00ea, fazia ideia de que o caf\u00e9 e o mundo das motocicletas eram t\u00e3o pr\u00f3ximos? A moto caf\u00e9 racer \u00e9 incr\u00edvel, n\u00e3o \u00e9 mesmo? Se voc\u00ea gosta de ver sua bebida favorita ganhando o mundo de formas inusitadas, n\u00e3o deixe de conferir nosso artigo sobre as <a href=\"https:\/\/villacafe.com.br\/blog\/cafe-na-bike-e-em-container-por-que-abrir-uma-franquia-nesses-novos-modelos-de-cafeteria\/\" target=\"_blank\" rel=\"noopener\">novas cafeterias em cont\u00eaineres e at\u00e9 mesmo em bikes<\/a>.<\/p>\n<p><img loading=\"lazy\" decoding=\"async\" class=\"wp-image-3839 aligncenter\" src=\"https:\/\/villacafe.com.br\/blog\/wp-content\/uploads\/2018\/12\/cafe-racer-logo-300x300.jpg\" alt=\"\" width=\"192\" height=\"192\" srcset=\"https:\/\/villacafe.com.br\/blog\/wp-content\/uploads\/2018\/12\/cafe-racer-logo-300x300.jpg 300w, https:\/\/villacafe.com.br\/blog\/wp-content\/uploads\/2018\/12\/cafe-racer-logo-150x150.jpg 150w, https:\/\/villacafe.com.br\/blog\/wp-content\/uploads\/2018\/12\/cafe-racer-logo-768x768.jpg 768w, https:\/\/villacafe.com.br\/blog\/wp-content\/uploads\/2018\/12\/cafe-racer-logo-140x140.jpg 140w, https:\/\/villacafe.com.br\/blog\/wp-content\/uploads\/2018\/12\/cafe-racer-logo-40x40.jpg 40w, https:\/\/villacafe.com.br\/blog\/wp-content\/uploads\/2018\/12\/cafe-racer-logo-600x600.jpg 600w, https:\/\/villacafe.com.br\/blog\/wp-content\/uploads\/2018\/12\/cafe-racer-logo.jpg 788w\" sizes=\"(max-width: 192px) 100vw, 192px\" \/><\/p>\n","protected":false},"excerpt":{"rendered":"<p>Que o caf\u00e9 \u00e9 uma bebida apaixonante, isso n\u00f3s j\u00e1 sabemos. Energizante, quente e r\u00e1pido de se preparar e de [&hellip;]<\/p>\n","protected":false},"author":9,"featured_media":3838,"comment_status":"open","ping_status":"closed","sticky":false,"template":"","format":"standard","meta":{"_acf_changed":false,"footnotes":""},"categories":[2,4,31],"tags":[15,300,301,302,303,304,179],"class_list":["post-3831","post","type-post","status-publish","format-standard","has-post-thumbnail","hentry","category-conteudo","category-curiosidades","category-maquinas-de-cafe","tag-cafe","tag-cafe-racer","tag-caffe","tag-corrida","tag-moto","tag-motocicleta","tag-sanremo"],"acf":[],"_links":{"self":[{"href":"https:\/\/villacafe.com.br\/blog\/wp-json\/wp\/v2\/posts\/3831","targetHints":{"allow":["GET"]}}],"collection":[{"href":"https:\/\/villacafe.com.br\/blog\/wp-json\/wp\/v2\/posts"}],"about":[{"href":"https:\/\/villacafe.com.br\/blog\/wp-json\/wp\/v2\/types\/post"}],"author":[{"embeddable":true,"href":"https:\/\/villacafe.com.br\/blog\/wp-json\/wp\/v2\/users\/9"}],"replies":[{"embeddable":true,"href":"https:\/\/villacafe.com.br\/blog\/wp-json\/wp\/v2\/comments?post=3831"}],"version-history":[{"count":4,"href":"https:\/\/villacafe.com.br\/blog\/wp-json\/wp\/v2\/posts\/3831\/revisions"}],"predecessor-version":[{"id":3841,"href":"https:\/\/villacafe.com.br\/blog\/wp-json\/wp\/v2\/posts\/3831\/revisions\/3841"}],"wp:featuredmedia":[{"embeddable":true,"href":"https:\/\/villacafe.com.br\/blog\/wp-json\/wp\/v2\/media\/3838"}],"wp:attachment":[{"href":"https:\/\/villacafe.com.br\/blog\/wp-json\/wp\/v2\/media?parent=3831"}],"wp:term":[{"taxonomy":"category","embeddable":true,"href":"https:\/\/villacafe.com.br\/blog\/wp-json\/wp\/v2\/categories?post=3831"},{"taxonomy":"post_tag","embeddable":true,"href":"https:\/\/villacafe.com.br\/blog\/wp-json\/wp\/v2\/tags?post=3831"}],"curies":[{"name":"wp","href":"https:\/\/api.w.org\/{rel}","templated":true}]}}