{"id":2148,"date":"2017-10-17T14:00:33","date_gmt":"2017-10-17T16:00:33","guid":{"rendered":"http:\/\/villacafe.com.br\/?p=2146"},"modified":"2022-08-08T17:03:23","modified_gmt":"2022-08-08T20:03:23","slug":"compre-ou-alugue-maquina-de-cafe-profissional-no-villa-cafe","status":"publish","type":"post","link":"https:\/\/villacafe.com.br\/blog\/compre-ou-alugue-maquina-de-cafe-profissional-no-villa-cafe\/","title":{"rendered":"Compre ou Alugue sua M\u00e1quina de Caf\u00e9 Profissional no Villa Caf\u00e9, um modelo diferenciado para todo o Brasil"},"content":{"rendered":"\t\t<div data-elementor-type=\"wp-post\" data-elementor-id=\"2148\" class=\"elementor elementor-2148\" data-elementor-post-type=\"post\">\n\t\t\t\t\t\t<section class=\"elementor-section elementor-top-section elementor-element elementor-element-54d99477 elementor-section-boxed elementor-section-height-default elementor-section-height-default\" data-id=\"54d99477\" data-element_type=\"section\" data-e-type=\"section\">\n\t\t\t\t\t\t<div class=\"elementor-container elementor-column-gap-default\">\n\t\t\t\t\t<div class=\"elementor-column elementor-col-100 elementor-top-column elementor-element elementor-element-439001a4\" data-id=\"439001a4\" data-element_type=\"column\" data-e-type=\"column\">\n\t\t\t<div class=\"elementor-widget-wrap elementor-element-populated\">\n\t\t\t\t\t\t<div class=\"elementor-element elementor-element-1e26ce7 elementor-widget elementor-widget-video\" data-id=\"1e26ce7\" data-element_type=\"widget\" data-e-type=\"widget\" data-settings=\"{&quot;youtube_url&quot;:&quot;https:\\\/\\\/www.youtube.com\\\/watch?v=9pRJUBlzbvc&amp;t&quot;,&quot;video_type&quot;:&quot;youtube&quot;,&quot;controls&quot;:&quot;yes&quot;}\" data-widget_type=\"video.default\">\n\t\t\t\t<div class=\"elementor-widget-container\">\n\t\t\t\t\t\t\t<div class=\"elementor-wrapper elementor-open-inline\">\n\t\t\t<div class=\"elementor-video\"><\/div>\t\t<\/div>\n\t\t\t\t\t\t<\/div>\n\t\t\t\t<\/div>\n\t\t\t\t<div class=\"elementor-element elementor-element-1b954a22 elementor-widget elementor-widget-text-editor\" data-id=\"1b954a22\" data-element_type=\"widget\" data-e-type=\"widget\" data-widget_type=\"text-editor.default\">\n\t\t\t\t<div class=\"elementor-widget-container\">\n\t\t\t\t\t\t\t\t\tVoc\u00ea acredita que chegou a hora de tomar a melhor decis\u00e3o entre comprar ou alugar sua m\u00e1quina de caf\u00e9 e acabar de vez com essa d\u00favida? Neste post, vamos te ajudar a chegar nessa decis\u00e3o com dados e n\u00fameros, e ainda provar que a parceria com o Villa Caf\u00e9 \u00e9 o melhor caminho para aumentar a rentabilidade do seu neg\u00f3cio e aumentar o n\u00famero de clientes fi\u00e9is.<\/div><\/div><\/div><\/div><\/div><\/section><\/div> <a href=\"https:\/\/villacafe.com.br\/blog\/compre-ou-alugue-maquina-de-cafe-profissional-no-villa-cafe\/#more-2148\" class=\"more-link elementor-more-link\"><span aria-label=\"Continuar lendo Compre ou Alugue sua M\u00e1quina de Caf\u00e9 Profissional no Villa Caf\u00e9, um modelo diferenciado para todo o Brasil\">(mais&hellip;)<\/span><\/a>","protected":false},"excerpt":{"rendered":"<p>https:\/\/www.youtube.com\/watch?v=9pRJUBlzbvc&#038;tVoc\u00ea acredita que chegou a hora de tomar a melhor decis\u00e3o entre comprar ou alugar sua m\u00e1quina de caf\u00e9 e [&hellip;]<\/p>\n","protected":false},"author":7,"featured_media":2500,"comment_status":"open","ping_status":"closed","sticky":false,"template":"","format":"standard","meta":{"_acf_changed":false,"footnotes":""},"categories":[2,31],"tags":[126,15,19,108,109,99,69,5,179,85],"class_list":["post-2148","post","type-post","status-publish","format-standard","has-post-thumbnail","hentry","category-conteudo","category-maquinas-de-cafe","tag-barista","tag-cafe","tag-cafe-gourmet","tag-cafeteira","tag-cafeteira-italiana","tag-cafeteria","tag-maquinas-de-cafe","tag-qualidade","tag-sanremo","tag-villa-cafe"],"acf":[],"_links":{"self":[{"href":"https:\/\/villacafe.com.br\/blog\/wp-json\/wp\/v2\/posts\/2148","targetHints":{"allow":["GET"]}}],"collection":[{"href":"https:\/\/villacafe.com.br\/blog\/wp-json\/wp\/v2\/posts"}],"about":[{"href":"https:\/\/villacafe.com.br\/blog\/wp-json\/wp\/v2\/types\/post"}],"author":[{"embeddable":true,"href":"https:\/\/villacafe.com.br\/blog\/wp-json\/wp\/v2\/users\/7"}],"replies":[{"embeddable":true,"href":"https:\/\/villacafe.com.br\/blog\/wp-json\/wp\/v2\/comments?post=2148"}],"version-history":[{"count":15,"href":"https:\/\/villacafe.com.br\/blog\/wp-json\/wp\/v2\/posts\/2148\/revisions"}],"predecessor-version":[{"id":4724,"href":"https:\/\/villacafe.com.br\/blog\/wp-json\/wp\/v2\/posts\/2148\/revisions\/4724"}],"wp:featuredmedia":[{"embeddable":true,"href":"https:\/\/villacafe.com.br\/blog\/wp-json\/wp\/v2\/media\/2500"}],"wp:attachment":[{"href":"https:\/\/villacafe.com.br\/blog\/wp-json\/wp\/v2\/media?parent=2148"}],"wp:term":[{"taxonomy":"category","embeddable":true,"href":"https:\/\/villacafe.com.br\/blog\/wp-json\/wp\/v2\/categories?post=2148"},{"taxonomy":"post_tag","embeddable":true,"href":"https:\/\/villacafe.com.br\/blog\/wp-json\/wp\/v2\/tags?post=2148"}],"curies":[{"name":"wp","href":"https:\/\/api.w.org\/{rel}","templated":true}]}}