{"id":1516,"date":"2017-03-14T14:00:12","date_gmt":"2017-03-14T17:00:12","guid":{"rendered":"https:\/\/villacafe.com.br\/?p=1516"},"modified":"2023-01-13T11:54:31","modified_gmt":"2023-01-13T14:54:31","slug":"saiba-qual-e-a-melhor-maquina-de-cafe-para-a-sua-cafeteria","status":"publish","type":"post","link":"https:\/\/villacafe.com.br\/blog\/saiba-qual-e-a-melhor-maquina-de-cafe-para-a-sua-cafeteria\/","title":{"rendered":"Saiba qual \u00e9 a melhor m\u00e1quina de caf\u00e9 para o seu neg\u00f3cio!"},"content":{"rendered":"<p><a href=\"http:\/\/villacafe.rds.land\/descubra-a-maquina-ideal-e-alugue\"><strong><img decoding=\"async\" class=\"emoji lazyloading\" draggable=\"false\" src=\"https:\/\/s.w.org\/images\/core\/emoji\/11\/svg\/2615.svg\" alt=\"&#x2615;\" data-was-processed=\"true\" \/>\u00a0Gostaria que o Villa Caf\u00e9 entrasse em contato comigo para me explicar sobre as m\u00e1quinas!<\/strong><\/a><\/p>\n<p>Repare: \u00e9 cada vez mais comum encontrar m\u00e1quinas de caf\u00e9 em restaurantes, lanchonetes e at\u00e9 mesmo em casas e em escrit\u00f3rios. A raz\u00e3o \u00e9 simples: al\u00e9m de ser apaixonado pela bebida, o brasileiro\u00a0come\u00e7ou a notar como esses aparelhos est\u00e3o, a cada dia, mais modernos e funcionais.<\/p>\n<p><!--more--><\/p>\n<p>H\u00e1 muitas op\u00e7\u00f5es no mercado que tentam agradar a todo tipo de gosto e, claro, de bolso. Por isso, na hora de adquirir ou alugar uma m\u00e1quina de caf\u00e9 para cafeteria, pode surgir uma quest\u00e3o: \u201cqual modelo escolher?\u201d.<\/p>\n<p>Para que voc\u00ea n\u00e3o fique perdido em meio a tantas m\u00e1quinas (<a href=\"http:\/\/eshop.villacafe.com.br\/maquinas\/sanremo-capri-duo-220v\/\">profissionais<\/a>, em <u>c\u00e1psula<\/u>, autom\u00e1ticas, superautom\u00e1ticas), criamos este post. Nos pr\u00f3ximos par\u00e1grafos, voc\u00ea vai ver qual \u00e9 a melhor op\u00e7\u00e3o para o seu estabelecimento, levando em considera\u00e7\u00e3o as caracter\u00edsticas dos aparelhos e o sabor, o aroma e a consist\u00eancia da bebida que voc\u00ea deseja oferecer para os seus clientes.<\/p>\n<p>Leia agora mesmo e n\u00e3o tenha mais medo de fazer a sua escolha. Caso tenha d\u00favidas, <strong>solicite um contato de nossos especialistas<\/strong>\u00a0e teremos o maior prazer em ajud\u00e1-lo.<\/p>\n<p style=\"text-align: center;\"><a href=\"https:\/\/promocional.eshop.villacafe.com.br\/ligar-comprar-maquina-ideal\"><img fetchpriority=\"high\" decoding=\"async\" class=\"aligncenter size-full wp-image-4058\" src=\"https:\/\/villacafe.com.br\/blog\/wp-content\/uploads\/2017\/03\/CTA-CLIQUE-MAQUINAS.jpg\" alt=\"\" width=\"660\" height=\"180\" srcset=\"https:\/\/villacafe.com.br\/blog\/wp-content\/uploads\/2017\/03\/CTA-CLIQUE-MAQUINAS.jpg 660w, https:\/\/villacafe.com.br\/blog\/wp-content\/uploads\/2017\/03\/CTA-CLIQUE-MAQUINAS-300x82.jpg 300w, https:\/\/villacafe.com.br\/blog\/wp-content\/uploads\/2017\/03\/CTA-CLIQUE-MAQUINAS-40x11.jpg 40w, https:\/\/villacafe.com.br\/blog\/wp-content\/uploads\/2017\/03\/CTA-CLIQUE-MAQUINAS-600x164.jpg 600w\" sizes=\"(max-width: 660px) 100vw, 660px\" \/><\/a><\/p>\n<h2>A M\u00e1quina de Caf\u00e9 de\u00a0C\u00e1psulas<br \/>\n<a href=\"https:\/\/villacafe.com.br\/blog\/wp-content\/uploads\/2017\/03\/Sem-t\u00edtulo-5.png\"><img decoding=\"async\" class=\"wp-image-1546 alignleft\" src=\"https:\/\/villacafe.com.br\/blog\/wp-content\/uploads\/2017\/03\/Sem-t\u00edtulo-5.png\" alt=\"M\u00c1QUINA DE C\u00c1PSULAS VILLA V8\" width=\"302\" height=\"241\" srcset=\"https:\/\/villacafe.com.br\/blog\/wp-content\/uploads\/2017\/03\/Sem-t\u00edtulo-5.png 800w, https:\/\/villacafe.com.br\/blog\/wp-content\/uploads\/2017\/03\/Sem-t\u00edtulo-5-300x240.png 300w, https:\/\/villacafe.com.br\/blog\/wp-content\/uploads\/2017\/03\/Sem-t\u00edtulo-5-768x614.png 768w, https:\/\/villacafe.com.br\/blog\/wp-content\/uploads\/2017\/03\/Sem-t\u00edtulo-5-40x32.png 40w, https:\/\/villacafe.com.br\/blog\/wp-content\/uploads\/2017\/03\/Sem-t\u00edtulo-5-600x480.png 600w\" sizes=\"(max-width: 302px) 100vw, 302px\" \/><\/a><\/h2>\n<p>As <u>m\u00e1quinas de caf\u00e9 em c\u00e1psula<\/u> s\u00e3o muito parecidas e indicadas, sobretudo, para quem deseja adquirir um aparelho extremamente pr\u00e1tico. Por isso, elas s\u00e3o ideais para o uso em pequenas cafeterias ou estabelecimento em que o foco principal n\u00e3o \u00e9 o caf\u00e9, como restaurantes e hot\u00e9is, j\u00e1 que poupam o trabalho humano na extra\u00e7\u00e3o do espresso.<\/p>\n<p>Sendo assim, o processo \u00e9 simples, r\u00e1pido e requer pouco treinamento.\u00a0Al\u00e9m disso, esse tipo de m\u00e1quina n\u00e3o exige que o propriet\u00e1rio da cafeteria desembolse dinheiro para comprar um moinho de caf\u00e9. Afinal de contas, as c\u00e1psulas s\u00e3o comercializadas com o preparo inteiramente pronto.<\/p>\n<p>No entanto, nem tudo \u00e9 perfeito,e as m\u00e1quinas de caf\u00e9 em c\u00e1psula n\u00e3o s\u00e3o exce\u00e7\u00e3o \u00e0 regra: os aparelhos n\u00e3o t\u00eam todo aquele romantismo do caf\u00e9 mo\u00eddo na hora e preparado por um barista, al\u00e9m de que, para os entendidos do assunto, deixa a desejar em quest\u00f5es como aroma e outras nuances.<\/p>\n<h2>A M\u00e1quina de Caf\u00e9 Superautom\u00e1tica<\/h2>\n<p><a href=\"https:\/\/villacafe.com.br\/blog\/wp-content\/uploads\/2017\/03\/jura_ena_micro9_menor_11-f040bbbf21fd656efd51f383931828c5-1024-1024.jpg\"><img decoding=\"async\" class=\"wp-image-1532 alignleft\" src=\"https:\/\/villacafe.com.br\/blog\/wp-content\/uploads\/2017\/03\/jura_ena_micro9_menor_11-f040bbbf21fd656efd51f383931828c5-1024-1024.jpg\" alt=\"M\u00c1QUINA SUPERAUTOM\u00c1TICA JURA MICRO 9\" width=\"298\" height=\"372\" srcset=\"https:\/\/villacafe.com.br\/blog\/wp-content\/uploads\/2017\/03\/jura_ena_micro9_menor_11-f040bbbf21fd656efd51f383931828c5-1024-1024.jpg 800w, https:\/\/villacafe.com.br\/blog\/wp-content\/uploads\/2017\/03\/jura_ena_micro9_menor_11-f040bbbf21fd656efd51f383931828c5-1024-1024-240x300.jpg 240w, https:\/\/villacafe.com.br\/blog\/wp-content\/uploads\/2017\/03\/jura_ena_micro9_menor_11-f040bbbf21fd656efd51f383931828c5-1024-1024-768x960.jpg 768w, https:\/\/villacafe.com.br\/blog\/wp-content\/uploads\/2017\/03\/jura_ena_micro9_menor_11-f040bbbf21fd656efd51f383931828c5-1024-1024-32x40.jpg 32w, https:\/\/villacafe.com.br\/blog\/wp-content\/uploads\/2017\/03\/jura_ena_micro9_menor_11-f040bbbf21fd656efd51f383931828c5-1024-1024-480x600.jpg 480w\" sizes=\"(max-width: 298px) 100vw, 298px\" \/><\/a><\/p>\n<p>Em compara\u00e7\u00e3o ao modelo anterior, a m\u00e1quina de <strong>caf\u00e9 superautom\u00e1tica<\/strong> \u00e9 um aparelho com muito mais tecnologia envolvida.\u00a0Isso porque, al\u00e9m de ser simples e r\u00e1pida, ela tamb\u00e9m possui moinho integrado, faz pouca sujeira e n\u00e3o tem\u00a0desperd\u00edcio.<\/p>\n<p>Basta apertar um bot\u00e3o para que a m\u00e1quina comece a moer os gr\u00e3os, compactar o p\u00f3 e extrair o caf\u00e9 expresso. Mesmo que n\u00e3o produza uma bebida t\u00e3o excelente quanto a de outros modelos (digamos que ter\u00edamos sempre caf\u00e9s nota 9), a m\u00e1quina de caf\u00e9 superautom\u00e1tica funciona bem.<\/p>\n<p>O inconveniente \u00e9 a sua manuten\u00e7\u00e3o, que exige uma limpeza peri\u00f3dica \u2014 e bastante atenta \u2014 dos seus componentes e das suas partes internas. Fora isso, \u00e9 importante falar sobre o pre\u00e7o mais elevado que o das c\u00e1psulas, girando em torno de R$ 4 mil reais os modelos mais confi\u00e1veis.<\/p>\n<h2>A Cafeteira Semiautom\u00e1tica<\/h2>\n<p><a href=\"https:\/\/villacafe.com.br\/blog\/wp-content\/uploads\/2017\/03\/9072813998110.jpg\"><img loading=\"lazy\" decoding=\"async\" class=\"wp-image-1534 alignleft\" src=\"https:\/\/villacafe.com.br\/blog\/wp-content\/uploads\/2017\/03\/9072813998110.jpg\" alt=\"M\u00c1QUINA SEMIAUTOM\u00c1TICA\" width=\"302\" height=\"302\" srcset=\"https:\/\/villacafe.com.br\/blog\/wp-content\/uploads\/2017\/03\/9072813998110.jpg 1200w, https:\/\/villacafe.com.br\/blog\/wp-content\/uploads\/2017\/03\/9072813998110-150x150.jpg 150w, https:\/\/villacafe.com.br\/blog\/wp-content\/uploads\/2017\/03\/9072813998110-300x300.jpg 300w, https:\/\/villacafe.com.br\/blog\/wp-content\/uploads\/2017\/03\/9072813998110-768x768.jpg 768w, https:\/\/villacafe.com.br\/blog\/wp-content\/uploads\/2017\/03\/9072813998110-1024x1024.jpg 1024w, https:\/\/villacafe.com.br\/blog\/wp-content\/uploads\/2017\/03\/9072813998110-140x140.jpg 140w, https:\/\/villacafe.com.br\/blog\/wp-content\/uploads\/2017\/03\/9072813998110-40x40.jpg 40w, https:\/\/villacafe.com.br\/blog\/wp-content\/uploads\/2017\/03\/9072813998110-600x600.jpg 600w\" sizes=\"(max-width: 302px) 100vw, 302px\" \/><\/a><\/p>\n<p>Como o seu nome indica, essa <a href=\"https:\/\/www.carrefour.com.br\/cafeteira?destaque=8665451&amp;crfetp_rop=sem&amp;crfetp_ed=google_pla&amp;crfetp_ad=%7Bef_campaign%7D&amp;crfetp_cnt=%7Bef_campaign%7D&amp;crfetp_trm=%7Bkeyword%7D&amp;xml_category=eletroportateis+cafeteira&amp;xml_source=googleshopping&amp;xml_sku=8665451&amp;crfetp_ed=google_pla&amp;crfetp_ad=Cafeteira&amp;crfetp_cnt=Preparar%20e%20cozinhar&amp;crfetp_trm=&amp;s_kwcid=AL!705!3!172008722122!!!g!143021588656!&amp;ef_id=WMMQ7AAABNCC@wdH:20170310204740:s\">m\u00e1quina<\/a> tem um preparo que se encontra entre o manual e o autom\u00e1tico. E o que isso quer dizer? Quer dizer que a m\u00e1quina de caf\u00e9 semiautom\u00e1tica \u00e9 ideal para quem quer praticidade, mas que tamb\u00e9m n\u00e3o abre m\u00e3o de preparar o seu pr\u00f3prio caf\u00e9.<\/p>\n<p>Como nem todas as fun\u00e7\u00f5es desse aparelho s\u00e3o autom\u00e1ticas, \u00e9 poss\u00edvel regular algumas caracter\u00edsticas durante o preparo da bebida, como:<\/p>\n<ul>\n<li>a medida da bebida;<\/li>\n<li>a temperatura;<\/li>\n<li>e o tempo de preparo.<\/li>\n<\/ul>\n<p>Os modelos semiautom\u00e1ticos com o porta-filtro pressurizado s\u00e3o interessantes, porque contam com uma v\u00e1lvula que se abre ap\u00f3s atingir uma certa press\u00e3o \u2014 o que \u00e9 capaz de produzir um caf\u00e9 cremoso. Por\u00e9m, n\u00e3o se deixe enganar: esse creme \u00e9 falso, e o espresso deixa a desejar em termos de concentra\u00e7\u00e3o e de intensidade.<\/p>\n<h2>A M\u00e1quina de Caf\u00e9 Profissional<\/h2>\n<h2><a href=\"https:\/\/villacafe.com.br\/blog\/wp-content\/uploads\/2017\/03\/Sem-t\u00edtulo-1.png\"><img loading=\"lazy\" decoding=\"async\" class=\"wp-image-1547 alignleft\" src=\"https:\/\/villacafe.com.br\/blog\/wp-content\/uploads\/2017\/03\/Sem-t\u00edtulo-1.png\" alt=\"M\u00c1QUINA PROFISSIONAL VILLA CAF\u00c9\" width=\"303\" height=\"303\" srcset=\"https:\/\/villacafe.com.br\/blog\/wp-content\/uploads\/2017\/03\/Sem-t\u00edtulo-1.png 800w, https:\/\/villacafe.com.br\/blog\/wp-content\/uploads\/2017\/03\/Sem-t\u00edtulo-1-150x150.png 150w, https:\/\/villacafe.com.br\/blog\/wp-content\/uploads\/2017\/03\/Sem-t\u00edtulo-1-300x300.png 300w, https:\/\/villacafe.com.br\/blog\/wp-content\/uploads\/2017\/03\/Sem-t\u00edtulo-1-768x768.png 768w, https:\/\/villacafe.com.br\/blog\/wp-content\/uploads\/2017\/03\/Sem-t\u00edtulo-1-140x140.png 140w, https:\/\/villacafe.com.br\/blog\/wp-content\/uploads\/2017\/03\/Sem-t\u00edtulo-1-40x40.png 40w, https:\/\/villacafe.com.br\/blog\/wp-content\/uploads\/2017\/03\/Sem-t\u00edtulo-1-600x600.png 600w\" sizes=\"(max-width: 303px) 100vw, 303px\" \/><\/a><\/h2>\n<p>Por fim, a <a href=\"http:\/\/eshop.villacafe.com.br\/maquinas\/sanremo-milano\/\">m\u00e1quina de caf\u00e9 profissional<\/a>. Embora esse seja o aparelho mais dif\u00edcil de ser manuseado, \u00e9, ao mesmo tempo, o tipo que possibilita a extra\u00e7\u00e3o de um caf\u00e9 de respeito (o que seria o ideal para a sua cafeteria, certo?).<\/p>\n<p>Isso quer dizer que, se voc\u00ea tem interesse em servir uma bebida de excelente qualidade, a m\u00e1quina de caf\u00e9 manual \u00e9 a escolha certeira. No entanto, \u00e9 preciso saber o que voc\u00ea est\u00e1 fazendo: esse tipo de aparelho requer experi\u00eancia e cuidados especiais para n\u00e3o errar na dosagem do caf\u00e9.<\/p>\n<p>Como se tratam de modelos profissionais, os pre\u00e7os s\u00e3o os mais altos. A seguir, voc\u00ea pode conferir uma tabela com o resumo das vantagens e das desvantagens de cada modelo:<\/p>\n<table>\n<tbody>\n<tr>\n<td>Modelo<\/td>\n<td>Vantagens<\/td>\n<td>Desvantagens<\/td>\n<\/tr>\n<tr>\n<td>C\u00e1psula<\/td>\n<td>\u2022 Simplicidade do uso e rapidez<\/p>\n<p>\u2022 Limpeza f\u00e1cil<\/p>\n<p>\u2022 Baixo pre\u00e7o da m\u00e1quina<\/p>\n<p>\u2022 Padr\u00e3o do sabor do caf\u00e9<\/p>\n<p>\u2022 Oferta de caf\u00e9s variados e at\u00e9 outras bebidas como cappuccino, chocolate e leite quente.<\/td>\n<td>&nbsp;<\/p>\n<p>\u2022 Pre\u00e7o das c\u00e1psulas mais alto que o dos gr\u00e3os<\/p>\n<p>\u2022 N\u00e3o t\u00eam vaporizador para o leite<\/p>\n<p>\u2022 Reservat\u00f3rios pequenos<\/td>\n<\/tr>\n<tr>\n<td>Superautom\u00e1tica<\/td>\n<td>\u2022 Simplicidade do uso<\/p>\n<p>\u2022 Rapidez<\/p>\n<p>\u2022 Moinho acoplado<\/p>\n<p>\u2022 Menor desperd\u00edcio<\/td>\n<td>\u2022 Manuten\u00e7\u00e3o<\/p>\n<p>\u2022 Pre\u00e7o da m\u00e1quina (a partir de R$ 4 mil os modelos mais confi\u00e1veis e dur\u00e1veis)<\/td>\n<\/tr>\n<tr>\n<td>Semiautom\u00e1tica<\/td>\n<td>\u2022 Caf\u00e9 personalizado ao gosto do usu\u00e1rio<\/p>\n<p>\u2022 O ritual do gr\u00e3o mo\u00eddo na hora<\/p>\n<p>\u2022 Baixo pre\u00e7o da m\u00e1quina (cerca de mil reais)<\/td>\n<td>\u2022 Necessita um Barista ou operador\u00a0treinado e com pr\u00e1tica<\/p>\n<p>\u2022 Qualidade do caf\u00e9<\/p>\n<p>\u2022 Necessita moinho dosador<\/p>\n<p>\u2022 Muita sujeira e desperd\u00edcio para usu\u00e1rios n\u00e3o especializados<\/td>\n<\/tr>\n<tr>\n<td>Profissional<\/td>\n<td>\u2022 O ritual do gr\u00e3o mo\u00eddo na hora<\/p>\n<p>\u2022 Qualidade do caf\u00e9<\/p>\n<p>\u2022 Maior Produtividade: at\u00e9 2 caf\u00e9s em cada grupo (bico)<\/p>\n<p>\u2022 Marcas confi\u00e1veis t\u00eam vida \u00fatil de 20 anos<\/td>\n<td>\u2022 Necessita um Barista ou operador\u00a0treinado e com pr\u00e1tica<\/p>\n<p>\u2022 Necessita moinho dosador<\/p>\n<p>\u2022 Pre\u00e7o da m\u00e1quina a partir de R$ 18 mil reais<\/td>\n<\/tr>\n<\/tbody>\n<\/table>\n<h2><\/h2>\n<h2>M\u00e1quina de Caf\u00e9 Autom\u00e1tica ou Manual?<\/h2>\n<p>Todas as m\u00e1quinas de caf\u00e9 podem ser ainda classificadas em 2 sub-categorias: Manual ou Autom\u00e1tica. Explicamos abaixo a diferen\u00e7a de cada uma.<\/p>\n<ul>\n<li>Manual: o operador deve apertar para come\u00e7ar e para terminar de extrair o caf\u00e9. Isso garante maior\u00a0aten\u00e7\u00e3o do Barista no caf\u00e9 que est\u00e1 sendo servido e maior flexibilidade para pedidos\u00a0n\u00e3o-convencionais. Por exemplo, temos um cliente que sempre pede\u00a0o\u00a0caf\u00e9 expresso &#8220;acima da metade da x\u00edcara&#8221;, mas sem encher.<\/li>\n<\/ul>\n<ul>\n<li>Autom\u00e1tica: essa m\u00e1quina j\u00e1 vem programada com o tamanho certo das bebidas: caf\u00e9 curto (30ml), caf\u00e9 longo (50ml) e, em alguns equipamentos, tamb\u00e9m a op\u00e7\u00e3o &#8220;Manual&#8221;.\u00a0Esta \u00faltima op\u00e7\u00e3o extrai caf\u00e9 continuamente at\u00e9 o Barista apertar novamente o bot\u00e3o para parar, como no caso acima. Ela minimiza erros e permite que operador desempenhe outras tarefas enquanto o caf\u00e9 est\u00e1 sendo extra\u00eddo, o que \u00e9 muito produtivo em cafeterias com grande fluxo de pessoas. Ele s\u00f3 n\u00e3o pode esquecer do caf\u00e9 e deix\u00e1-lo esfriando depois de pronto!<\/li>\n<\/ul>\n<p>Como voc\u00ea p\u00f4de notar, h\u00e1 v\u00e1rias op\u00e7\u00f5es de m\u00e1quina de caf\u00e9 para cafeteria e isso pode, sim, confundir qualquer um no momento da compra. Mas lembre-se de que, independentemente do modelo escolhido, \u00e9 fundamental prestar aten\u00e7\u00e3o no tipo de caf\u00e9 que vai ser processado pelo aparelho.<\/p>\n<p>A qualidade da bebida \u00e9\u00a0influenciada por 4 atributos, que os italianos chamam de <strong>4M<\/strong>:\u00a0<strong>Miscela<\/strong>\u00a0(Blend &#8211; a qualidade dos caf\u00e9 que ser\u00e1 servido),\u00a0<strong>Macchina<\/strong> (M\u00e1quina de caf\u00e9),\u00a0<strong>Macinadosatore<\/strong> (Moinho) e\u00a0<strong>Mano<\/strong>\u00a0(a M\u00e3o do Barista). A tecnologia ajuda a eliminar alguns desses 4M, mas a Miscela (qualidade) \u00e9 fundamental\u00a0em todos os casos.<\/p>\n<p>&nbsp;<\/p>\n<p><a href=\"https:\/\/loja.villacafe.com.br\/produtos\/curso-online-as-tendencias-e-oportunidades-do-mercado-de-cafes-especiais-nocoes-de-gestao-de-cafeterias-faca-quando-quiser\/\"><img loading=\"lazy\" decoding=\"async\" class=\"aligncenter size-full wp-image-4481\" src=\"https:\/\/villacafe.com.br\/blog\/wp-content\/uploads\/2020\/03\/Curso-de-Gest\u00e3o-c.jpg\" alt=\"\" width=\"660\" height=\"180\" srcset=\"https:\/\/villacafe.com.br\/blog\/wp-content\/uploads\/2020\/03\/Curso-de-Gest\u00e3o-c.jpg 660w, https:\/\/villacafe.com.br\/blog\/wp-content\/uploads\/2020\/03\/Curso-de-Gest\u00e3o-c-300x82.jpg 300w, https:\/\/villacafe.com.br\/blog\/wp-content\/uploads\/2020\/03\/Curso-de-Gest\u00e3o-c-40x11.jpg 40w, https:\/\/villacafe.com.br\/blog\/wp-content\/uploads\/2020\/03\/Curso-de-Gest\u00e3o-c-600x164.jpg 600w\" sizes=\"(max-width: 660px) 100vw, 660px\" \/><\/a><\/p>\n<p>&nbsp;<\/p>\n<p>Ent\u00e3o, escolha bem o caf\u00e9 e procure especialistas em m\u00e1quinas de caf\u00e9 para te ajudar nesse processo. Estamos \u00e0 disposi\u00e7\u00e3o caso necessite!<\/p>\n<p>Voc\u00ea gostou deste post? Acredita que agora \u00e9 capaz de escolher uma m\u00e1quina de caf\u00e9 para cafeteria? Ent\u00e3o deixe um coment\u00e1rio neste texto e compartilhe, com a gente e com os nossos demais leitores, a sua opini\u00e3o e as suas ideias sobre o assunto!<\/p>\n<p><strong>Refer\u00eancia da imagem:\u00a0https:\/\/goo.gl\/MHgPG3<\/strong><\/p>\n","protected":false},"excerpt":{"rendered":"<p>\u00a0Gostaria que o Villa Caf\u00e9 entrasse em contato comigo para me explicar sobre as m\u00e1quinas! Repare: \u00e9 cada vez mais [&hellip;]<\/p>\n","protected":false},"author":7,"featured_media":1543,"comment_status":"open","ping_status":"closed","sticky":false,"template":"","format":"standard","meta":{"_acf_changed":false,"footnotes":""},"categories":[2,31],"tags":[],"class_list":["post-1516","post","type-post","status-publish","format-standard","has-post-thumbnail","hentry","category-conteudo","category-maquinas-de-cafe"],"acf":[],"_links":{"self":[{"href":"https:\/\/villacafe.com.br\/blog\/wp-json\/wp\/v2\/posts\/1516","targetHints":{"allow":["GET"]}}],"collection":[{"href":"https:\/\/villacafe.com.br\/blog\/wp-json\/wp\/v2\/posts"}],"about":[{"href":"https:\/\/villacafe.com.br\/blog\/wp-json\/wp\/v2\/types\/post"}],"author":[{"embeddable":true,"href":"https:\/\/villacafe.com.br\/blog\/wp-json\/wp\/v2\/users\/7"}],"replies":[{"embeddable":true,"href":"https:\/\/villacafe.com.br\/blog\/wp-json\/wp\/v2\/comments?post=1516"}],"version-history":[{"count":7,"href":"https:\/\/villacafe.com.br\/blog\/wp-json\/wp\/v2\/posts\/1516\/revisions"}],"predecessor-version":[{"id":4751,"href":"https:\/\/villacafe.com.br\/blog\/wp-json\/wp\/v2\/posts\/1516\/revisions\/4751"}],"wp:featuredmedia":[{"embeddable":true,"href":"https:\/\/villacafe.com.br\/blog\/wp-json\/wp\/v2\/media\/1543"}],"wp:attachment":[{"href":"https:\/\/villacafe.com.br\/blog\/wp-json\/wp\/v2\/media?parent=1516"}],"wp:term":[{"taxonomy":"category","embeddable":true,"href":"https:\/\/villacafe.com.br\/blog\/wp-json\/wp\/v2\/categories?post=1516"},{"taxonomy":"post_tag","embeddable":true,"href":"https:\/\/villacafe.com.br\/blog\/wp-json\/wp\/v2\/tags?post=1516"}],"curies":[{"name":"wp","href":"https:\/\/api.w.org\/{rel}","templated":true}]}}