{"id":1063,"date":"2016-12-15T14:00:32","date_gmt":"2016-12-15T16:00:32","guid":{"rendered":"https:\/\/villacafe.com.br\/?p=1063"},"modified":"2016-12-15T14:00:32","modified_gmt":"2016-12-15T16:00:32","slug":"capsulas-padrao-nespresso-tudo-o-que-voce-precisa-saber","status":"publish","type":"post","link":"https:\/\/villacafe.com.br\/blog\/capsulas-padrao-nespresso-tudo-o-que-voce-precisa-saber\/","title":{"rendered":"C\u00e1psulas padr\u00e3o Nespresso: Tudo o que voc\u00ea precisa saber!"},"content":{"rendered":"<p>Se voc\u00ea busca c\u00e1psulas de alta qualidade, mas est\u00e1 indeciso sobre qual tipo de caf\u00e9 comprar, aqui v\u00e3o algumas dicas para tornar sua escolha mais f\u00e1cil. \u00c9 importante ressaltar que n\u00e3o basta o caf\u00e9 ser bom. Quando se trata de c\u00e1psulas, o material e a industrializa\u00e7\u00e3o s\u00e3o muito importantes para o sabor e o aroma na x\u00edcara que voc\u00ea ir\u00e1 apreciar!<\/p>\n<p><!--more--><\/p>\n<p>Em 2015, o Villa Caf\u00e9 se tornou fornecedor oficial da Caff\u00e9 Luxe, ind\u00fastria multinacional de c\u00e1psulas compat\u00edveis com Nespresso, com sede em Cape Town, \u00c1frica do Sul.<\/p>\n<p>Com essa parceria, passamos a ter os nossos Caf\u00e9s Gourmet em v\u00e1rias partes do mundo, principalmente na Europa, \u00c1frica e Oriente M\u00e9dio. \u00c9 mais uma vit\u00f3ria do Villa Caf\u00e9, se posicionando entre os melhores caf\u00e9s do mundo.<\/p>\n<p>Antes de apresentar cada <em>Blend,<\/em> \u00e9 essencial entender o termo <strong>intensidade<\/strong>. A intensidade remete ao grau de torra, corpo e amargor do caf\u00e9. N\u00e3o tem rela\u00e7\u00e3o com a cafe\u00edna presente na x\u00edcara. Normalmente, caf\u00e9s com torras mais escuras s\u00e3o mais intensos, por\u00e9m perdem algumas nuances de sabor e aroma que s\u00e3o mais facilmente identificados nos caf\u00e9s de torra clara ou m\u00e9dia.<\/p>\n<p>Abaixo vamos mostrar todos os tipos de c\u00e1psulas compat\u00edveis com as m\u00e1quinas\u00a0Nespresso, suas principais caracter\u00edsticas e no que se diferem:<\/p>\n<p><span style=\"color: #000000;\"><span style=\"font-size: 24pt;\"><strong>Brazilian Blend <span style=\"font-size: 14pt;\">(Blend Brasil)<\/span><\/strong><\/span><\/span><br \/>\n<a href=\"https:\/\/villacafe.com.br\/blog\/wp-content\/uploads\/2016\/12\/brasil-1.jpg\"><img decoding=\"async\" class=\"wp-image-1087 alignleft\" src=\"https:\/\/villacafe.com.br\/blog\/wp-content\/uploads\/2016\/12\/brasil-1.jpg\" alt=\"brasil\" width=\"200\" height=\"235\" srcset=\"https:\/\/villacafe.com.br\/blog\/wp-content\/uploads\/2016\/12\/brasil-1.jpg 510w, https:\/\/villacafe.com.br\/blog\/wp-content\/uploads\/2016\/12\/brasil-1-255x300.jpg 255w, https:\/\/villacafe.com.br\/blog\/wp-content\/uploads\/2016\/12\/brasil-1-34x40.jpg 34w\" sizes=\"(max-width: 200px) 100vw, 200px\" \/><\/a><span style=\"font-size: 10pt;\">Todo o sabor do <a href=\"http:\/\/eshop.villacafe.com.br\/cafes\/\">Villa Caf\u00e9 Gourmet<\/a> das fazendas do Sul de Minas, agora nas c\u00e1psulas compat\u00edveis com\u00a0Nespresso. <\/span><\/p>\n<p><span style=\"font-size: 10pt;\">As c\u00e1psulas Brazilian Blend tem um sabor diferenciado e adocicado. A crema \u00e9 consistente e suas notas s\u00e3o achocolatadas. Utilizamos uma torra escura\u00a0para deixar o caf\u00e9 mais encorpado\u00a0na sua degusta\u00e7\u00e3o.<\/span><\/p>\n<p><span style=\"font-size: 10pt;\">Intensidade:\u00a08<\/span><br \/>\n<span style=\"font-size: 10pt;\"> Tamanho sugerido: 50mL a 100mL<\/span><\/p>\n<p><span><\/span><\/p>\n<p>&nbsp;<\/p>\n<p><span style=\"color: #000000;\"><span style=\"font-size: 24pt;\"><strong>French Blend <span style=\"font-size: 14pt;\">(Blend Fran\u00e7a)<\/span><\/strong><\/span><\/span><\/p>\n<p><a href=\"https:\/\/villacafe.com.br\/blog\/wp-content\/uploads\/2016\/12\/fran\u00e7a-1.jpg\"><img decoding=\"async\" class=\"wp-image-1088 alignleft\" src=\"https:\/\/villacafe.com.br\/blog\/wp-content\/uploads\/2016\/12\/fran\u00e7a-1.jpg\" alt=\"franca\" width=\"200\" height=\"235\" srcset=\"https:\/\/villacafe.com.br\/blog\/wp-content\/uploads\/2016\/12\/fran\u00e7a-1.jpg 510w, https:\/\/villacafe.com.br\/blog\/wp-content\/uploads\/2016\/12\/fran\u00e7a-1-255x300.jpg 255w, https:\/\/villacafe.com.br\/blog\/wp-content\/uploads\/2016\/12\/fran\u00e7a-1-34x40.jpg 34w\" sizes=\"(max-width: 200px) 100vw, 200px\" \/><\/a><\/p>\n<p><span style=\"font-size: 10pt;\">Um dos blends mais vendidos\u00a0do mundo!<\/span><br \/>\n<span style=\"font-size: 10pt;\"> <\/span><\/p>\n<p><span style=\"font-size: 10pt;\">Seguindo o padr\u00e3o exigente do paladar franc\u00eas, fizemos um blend mais intenso e encorpado, utilizando o Villa Caf\u00e9 Gourmet das fazendas do Sul de Minas em parte do blend com a torra escura.<\/span><\/p>\n<p><span style=\"font-size: 10pt;\">Intensidade:\u00a07<\/span><br \/>\n<span style=\"font-size: 10pt;\"> Tamanho sugerido: at\u00e9 55mL\u00a0<\/span><\/p>\n<p>&nbsp;<\/p>\n<p>&nbsp;<\/p>\n<p><span style=\"color: #000000;\"><span style=\"font-size: 24pt;\"><strong>Italian Blend <span style=\"font-size: 14pt;\">(Blend It\u00e1lia)<\/span><\/strong><\/span><\/span><\/p>\n<p><a href=\"https:\/\/villacafe.com.br\/blog\/wp-content\/uploads\/2016\/12\/italia-1.jpg\"><img decoding=\"async\" class=\"wp-image-1089 alignleft\" src=\"https:\/\/villacafe.com.br\/blog\/wp-content\/uploads\/2016\/12\/italia-1.jpg\" alt=\"italia\" width=\"200\" height=\"235\" srcset=\"https:\/\/villacafe.com.br\/blog\/wp-content\/uploads\/2016\/12\/italia-1.jpg 510w, https:\/\/villacafe.com.br\/blog\/wp-content\/uploads\/2016\/12\/italia-1-255x300.jpg 255w, https:\/\/villacafe.com.br\/blog\/wp-content\/uploads\/2016\/12\/italia-1-34x40.jpg 34w\" sizes=\"(max-width: 200px) 100vw, 200px\" \/><\/a><\/p>\n<p><span style=\"font-size: 10pt;\">Aroma, sabor e intensidade, assim se define a c\u00e1psula com Blend italiano.<\/span><\/p>\n<p><span style=\"font-size: 10pt;\">Desenvolvido para ser apreciado em at\u00e9 30 ml (ristretto), o\u00a0Italian Blend \u00e9 formado por uma criteriosa sele\u00e7\u00e3o dos melhores gr\u00e3os Ar\u00e1bica (cerrado mineiro) e Robusta (Esp\u00edrito Santo), proporcionando uma bebida perfeita de acordo com o gosto italiano.<\/span><\/p>\n<p><span style=\"font-size: 10pt;\">Intensidade:\u00a010<\/span><br \/>\n<span style=\"font-size: 10pt;\"> Tamanho sugerido: 30mL a 55mL<\/span><\/p>\n<p>&nbsp;<\/p>\n<p><span style=\"color: #000000;\"><span style=\"font-size: 24pt;\"><strong>African Blend <span style=\"font-size: 14pt;\">(Blend \u00c1frica)<\/span><\/strong><\/span><\/span><\/p>\n<p><a href=\"https:\/\/villacafe.com.br\/blog\/wp-content\/uploads\/2016\/12\/africa-1.jpg\"><img loading=\"lazy\" decoding=\"async\" class=\"wp-image-1090 alignleft\" src=\"https:\/\/villacafe.com.br\/blog\/wp-content\/uploads\/2016\/12\/africa-1.jpg\" alt=\"africa\" width=\"200\" height=\"235\" srcset=\"https:\/\/villacafe.com.br\/blog\/wp-content\/uploads\/2016\/12\/africa-1.jpg 510w, https:\/\/villacafe.com.br\/blog\/wp-content\/uploads\/2016\/12\/africa-1-255x300.jpg 255w, https:\/\/villacafe.com.br\/blog\/wp-content\/uploads\/2016\/12\/africa-1-34x40.jpg 34w\" sizes=\"(max-width: 200px) 100vw, 200px\" \/><\/a><\/p>\n<p><span style=\"font-size: 10pt;\">Excel\u00eancia de qualidade e um sabor incr\u00edvel de caf\u00e9s especiais plantados, colhidos e industrializados na \u00c1frica.\u00a0<\/span><br \/>\n<span style=\"font-size: 10pt;\"> <\/span><\/p>\n<p><span style=\"font-size: 10pt;\">As origens produtoras da \u00c1frica est\u00e3o representadas nessa c\u00e1psula, que apresenta um sabor rico com\u00a0tons c\u00edtricos e uma crema consistente.\u00a0<\/span><\/p>\n<p><span style=\"font-size: 10pt;\">Intensidade:\u00a07<\/span><br \/>\n<span style=\"font-size: 10pt;\"> Tamanho sugerido: 55mL<\/span><\/p>\n<p>&nbsp;<\/p>\n<p><span style=\"color: #000000;\"><span style=\"font-size: 24pt;\"><strong>Colombian Decaff\u00e9 <span style=\"font-size: 14pt;\">(Blend Col\u00f4mbia)<\/span><\/strong><\/span><\/span><\/p>\n<p><a href=\"https:\/\/villacafe.com.br\/blog\/wp-content\/uploads\/2016\/12\/colombia-1.jpg\"><img loading=\"lazy\" decoding=\"async\" class=\"wp-image-1091 alignleft\" src=\"https:\/\/villacafe.com.br\/blog\/wp-content\/uploads\/2016\/12\/colombia-1.jpg\" alt=\"colombia\" width=\"200\" height=\"235\" srcset=\"https:\/\/villacafe.com.br\/blog\/wp-content\/uploads\/2016\/12\/colombia-1.jpg 510w, https:\/\/villacafe.com.br\/blog\/wp-content\/uploads\/2016\/12\/colombia-1-255x300.jpg 255w, https:\/\/villacafe.com.br\/blog\/wp-content\/uploads\/2016\/12\/colombia-1-34x40.jpg 34w\" sizes=\"(max-width: 200px) 100vw, 200px\" \/><\/a><\/p>\n<p><span style=\"font-size: 10pt;\">Uma c\u00e1psula\u00a0especial sem cafe\u00edna.<\/span><\/p>\n<p><span style=\"font-size: 10pt;\">Com sele\u00e7\u00e3o dos mais finos caf\u00e9s Ar\u00e1bica da Col\u00f4mbia,\u00a0com uma torra delicada, proporcionaram um caf\u00e9 com corpo m\u00e9dio e notas amadeiradas muito presentes.<\/span><\/p>\n<p><span style=\"font-size: 10pt;\">Intensidade: 6<\/span><br \/>\n<span style=\"font-size: 10pt;\"> Tamanho sugerido: 55mL<\/span><\/p>\n<p>&nbsp;<\/p>\n<p>&nbsp;<\/p>\n<p>Continue acompanhando o nosso blog. Em breve, vamos apresentar outros produtos para voc\u00ea apreciar ou presentear amigos! E, se voc\u00ea ficou com algum d\u00favida, comente abaixo e vamos correndo at\u00e9 nossos especialistas buscar as respostas para voc\u00ea! At\u00e9 logo!<\/p>\n","protected":false},"excerpt":{"rendered":"<p>Se voc\u00ea busca c\u00e1psulas de alta qualidade, mas est\u00e1 indeciso sobre qual tipo de caf\u00e9 comprar, aqui v\u00e3o algumas dicas [&hellip;]<\/p>\n","protected":false},"author":11,"featured_media":1064,"comment_status":"open","ping_status":"closed","sticky":false,"template":"","format":"standard","meta":{"_acf_changed":false,"footnotes":""},"categories":[2,4],"tags":[],"class_list":["post-1063","post","type-post","status-publish","format-standard","has-post-thumbnail","hentry","category-conteudo","category-curiosidades"],"acf":[],"_links":{"self":[{"href":"https:\/\/villacafe.com.br\/blog\/wp-json\/wp\/v2\/posts\/1063","targetHints":{"allow":["GET"]}}],"collection":[{"href":"https:\/\/villacafe.com.br\/blog\/wp-json\/wp\/v2\/posts"}],"about":[{"href":"https:\/\/villacafe.com.br\/blog\/wp-json\/wp\/v2\/types\/post"}],"author":[{"embeddable":true,"href":"https:\/\/villacafe.com.br\/blog\/wp-json\/wp\/v2\/users\/11"}],"replies":[{"embeddable":true,"href":"https:\/\/villacafe.com.br\/blog\/wp-json\/wp\/v2\/comments?post=1063"}],"version-history":[{"count":0,"href":"https:\/\/villacafe.com.br\/blog\/wp-json\/wp\/v2\/posts\/1063\/revisions"}],"wp:featuredmedia":[{"embeddable":true,"href":"https:\/\/villacafe.com.br\/blog\/wp-json\/wp\/v2\/media\/1064"}],"wp:attachment":[{"href":"https:\/\/villacafe.com.br\/blog\/wp-json\/wp\/v2\/media?parent=1063"}],"wp:term":[{"taxonomy":"category","embeddable":true,"href":"https:\/\/villacafe.com.br\/blog\/wp-json\/wp\/v2\/categories?post=1063"},{"taxonomy":"post_tag","embeddable":true,"href":"https:\/\/villacafe.com.br\/blog\/wp-json\/wp\/v2\/tags?post=1063"}],"curies":[{"name":"wp","href":"https:\/\/api.w.org\/{rel}","templated":true}]}}